{"id":19073,"date":"2021-09-08T08:45:30","date_gmt":"2021-09-08T08:45:30","guid":{"rendered":"https:\/\/www.esterpartners.com\/?p=19073"},"modified":"2024-02-06T11:48:31","modified_gmt":"2024-02-06T11:48:31","slug":"postcard-from-italy-a-journey-with-interior-designer-eszter-radnoczy","status":"publish","type":"post","link":"https:\/\/www.esterpartners.com\/hu\/postcard-from-italy-a-journey-with-interior-designer-eszter-radnoczy\/","title":{"rendered":"Postcard from Italy: a journey with interior designer Eszter Radn\u00f3czy"},"content":{"rendered":"<div>\n<p>This summer, after a long break, este&#8217;r partners team was finally able to travel again. We visited our Italian partners, met our colleagues and we also discovered old and new places in and around Milan. Eszter Radn\u00f3czy tells us about her Italian memories and shares her favorite photos.<\/p>\n<\/div>\n<p><img fetchpriority=\"high\" decoding=\"async\" class=\"alignnone size-full wp-image-18853\" src=\"https:\/\/www.esterpartners.com\/wp-content\/uploads\/2021\/08\/8.jpg\" alt=\"\" width=\"2100\" height=\"1410\" \/><\/p>\n<p>Italy is not only a place of inspiration, but also a place where I find ideas and moments of joy. This time I visited the Kreoo showroom, where Alessandra Farinon, one of the owners, welcomed me. Kreoo&#8217;s marble washbasins, carved from a block of marble, playfully and creatively soften the material&#8217;s austere, dignified look. The name of the freestanding, sculptural Gong washbasin in the picture refers to Tibetan bells, which evoke a thousand emotions with their sound and appearance &#8211; they are unique not only visually, but also when you touch them.<\/p>\n<p><img decoding=\"async\" class=\"alignnone size-full wp-image-18851\" src=\"https:\/\/www.esterpartners.com\/wp-content\/uploads\/2021\/08\/IMG_6777.jpeg\" alt=\"\" width=\"2168\" height=\"2168\" srcset=\"https:\/\/www.esterpartners.com\/wp-content\/uploads\/2021\/08\/IMG_6777.jpeg 2168w, https:\/\/www.esterpartners.com\/wp-content\/uploads\/2021\/08\/IMG_6777-300x300.jpeg 300w, https:\/\/www.esterpartners.com\/wp-content\/uploads\/2021\/08\/IMG_6777-1024x1024.jpeg 1024w, https:\/\/www.esterpartners.com\/wp-content\/uploads\/2021\/08\/IMG_6777-150x150.jpeg 150w, https:\/\/www.esterpartners.com\/wp-content\/uploads\/2021\/08\/IMG_6777-768x768.jpeg 768w, https:\/\/www.esterpartners.com\/wp-content\/uploads\/2021\/08\/IMG_6777-1536x1536.jpeg 1536w, https:\/\/www.esterpartners.com\/wp-content\/uploads\/2021\/08\/IMG_6777-2048x2048.jpeg 2048w, https:\/\/www.esterpartners.com\/wp-content\/uploads\/2021\/08\/IMG_6777-12x12.jpeg 12w, https:\/\/www.esterpartners.com\/wp-content\/uploads\/2021\/08\/IMG_6777-1200x1200.jpeg 1200w, https:\/\/www.esterpartners.com\/wp-content\/uploads\/2021\/08\/IMG_6777-1980x1980.jpeg 1980w\" sizes=\"(max-width: 2168px) 100vw, 2168px\" \/><\/p>\n<p>Next to the Pluvio table. On its surface the waves of water droplets, splashed in the middle of the table, are distributed centrally. At the edge of the table, the waves are so smooth that the surface is almost flat.<\/p>\n<p><img decoding=\"async\" class=\"alignnone size-full wp-image-18860\" src=\"https:\/\/www.esterpartners.com\/wp-content\/uploads\/2021\/08\/4.jpg\" alt=\"\" width=\"2100\" height=\"1410\" \/><\/p>\n<p>The ADI Design Museum, located between old buildings, opened a few months ago as a modern exhibition space in Milan&#8217;s China Town. The permanent exhibition presents the winners, designs and products of the Compasso d&#8217;Oro from the 1960s to the present. Many iconic pieces are on display so we can better understand the evolution of a product. The museum&#8217;s architecture and interior design plans are associated with the internationally renowned architectural firm Migliore + Servetto.<\/p>\n<p><img loading=\"lazy\" decoding=\"async\" class=\"alignnone size-full wp-image-18861\" src=\"https:\/\/www.esterpartners.com\/wp-content\/uploads\/2021\/08\/1.jpg\" alt=\"\" width=\"2100\" height=\"1410\" srcset=\"https:\/\/www.esterpartners.com\/wp-content\/uploads\/2021\/08\/1.jpg 2100w, https:\/\/www.esterpartners.com\/wp-content\/uploads\/2021\/08\/1-300x201.jpg 300w, https:\/\/www.esterpartners.com\/wp-content\/uploads\/2021\/08\/1-1024x688.jpg 1024w, https:\/\/www.esterpartners.com\/wp-content\/uploads\/2021\/08\/1-768x516.jpg 768w, https:\/\/www.esterpartners.com\/wp-content\/uploads\/2021\/08\/1-1536x1031.jpg 1536w, https:\/\/www.esterpartners.com\/wp-content\/uploads\/2021\/08\/1-2048x1375.jpg 2048w, https:\/\/www.esterpartners.com\/wp-content\/uploads\/2021\/08\/1-18x12.jpg 18w, https:\/\/www.esterpartners.com\/wp-content\/uploads\/2021\/08\/1-1200x806.jpg 1200w, https:\/\/www.esterpartners.com\/wp-content\/uploads\/2021\/08\/1-1980x1329.jpg 1980w\" sizes=\"(max-width: 2100px) 100vw, 2100px\" \/><\/p>\n<p>In Milan, my first visit is always to Stefano Napolitani, the head of our partner office. We usually talk about plans, tasks and new challenges. Stefano is an excellent partner in exchanging market ideas, dreaming big and exploring new directions. The city always gives me energy: there is a real construction boom going on here, with rapid development on every corner, which is not only innovative but there\u2019s been a shift towards conscious and green solutions as well.<\/p>\n<p><img loading=\"lazy\" decoding=\"async\" class=\"alignnone size-full wp-image-18858\" src=\"https:\/\/www.esterpartners.com\/wp-content\/uploads\/2021\/08\/2.jpg\" alt=\"\" width=\"2100\" height=\"1410\" \/><\/p>\n<p>The Radici Sit-in carpet factory in the Seriana Valley. This time, I visited the factory with M\u00f3ni, Fanni and G\u00e1bor from our Hungarian office: we regularly return with our colleagues because the techniques and possibilities of industrial carpet production are better mastered by seeing them first hand. The picture shows the special colored threads woven on the industrial looming machine.<\/p>\n<p><img loading=\"lazy\" decoding=\"async\" class=\"alignnone size-full wp-image-18874\" src=\"https:\/\/www.esterpartners.com\/wp-content\/uploads\/2021\/08\/F69E32D2-9491-4A28-88B8-19E63D3D4A49-scaled.jpeg\" alt=\"\" width=\"2560\" height=\"2560\" srcset=\"https:\/\/www.esterpartners.com\/wp-content\/uploads\/2021\/08\/F69E32D2-9491-4A28-88B8-19E63D3D4A49-scaled.jpeg 2560w, https:\/\/www.esterpartners.com\/wp-content\/uploads\/2021\/08\/F69E32D2-9491-4A28-88B8-19E63D3D4A49-300x300.jpeg 300w, https:\/\/www.esterpartners.com\/wp-content\/uploads\/2021\/08\/F69E32D2-9491-4A28-88B8-19E63D3D4A49-1024x1024.jpeg 1024w, https:\/\/www.esterpartners.com\/wp-content\/uploads\/2021\/08\/F69E32D2-9491-4A28-88B8-19E63D3D4A49-150x150.jpeg 150w, https:\/\/www.esterpartners.com\/wp-content\/uploads\/2021\/08\/F69E32D2-9491-4A28-88B8-19E63D3D4A49-768x768.jpeg 768w, https:\/\/www.esterpartners.com\/wp-content\/uploads\/2021\/08\/F69E32D2-9491-4A28-88B8-19E63D3D4A49-1536x1536.jpeg 1536w, https:\/\/www.esterpartners.com\/wp-content\/uploads\/2021\/08\/F69E32D2-9491-4A28-88B8-19E63D3D4A49-2048x2048.jpeg 2048w, https:\/\/www.esterpartners.com\/wp-content\/uploads\/2021\/08\/F69E32D2-9491-4A28-88B8-19E63D3D4A49-12x12.jpeg 12w, https:\/\/www.esterpartners.com\/wp-content\/uploads\/2021\/08\/F69E32D2-9491-4A28-88B8-19E63D3D4A49-1200x1200.jpeg 1200w, https:\/\/www.esterpartners.com\/wp-content\/uploads\/2021\/08\/F69E32D2-9491-4A28-88B8-19E63D3D4A49-1980x1980.jpeg 1980w\" sizes=\"(max-width: 2560px) 100vw, 2560px\" \/><\/p>\n<p><img loading=\"lazy\" decoding=\"async\" class=\"alignnone size-full wp-image-18857\" src=\"https:\/\/www.esterpartners.com\/wp-content\/uploads\/2021\/08\/3.jpg\" alt=\"\" width=\"2100\" height=\"1410\" \/><\/p>\n<p>The Italian design brand Black Tie has a showroom in Veneto, it\u2019s a stunning space in a hangar. Here you can touch and try a range of high quality upholstery, carpentry and metalwork products. As we are the brand&#8217;s representatives in Hungary, it is important to get to know all their products thoroughly.<\/p>\n<p><img loading=\"lazy\" decoding=\"async\" class=\"alignnone size-full wp-image-18862\" src=\"https:\/\/www.esterpartners.com\/wp-content\/uploads\/2021\/08\/fa.png\" alt=\"\" width=\"454\" height=\"606\" srcset=\"https:\/\/www.esterpartners.com\/wp-content\/uploads\/2021\/08\/fa.png 454w, https:\/\/www.esterpartners.com\/wp-content\/uploads\/2021\/08\/fa-225x300.png 225w, https:\/\/www.esterpartners.com\/wp-content\/uploads\/2021\/08\/fa-9x12.png 9w\" sizes=\"(max-width: 454px) 100vw, 454px\" \/><\/p>\n<p>My favourite detail: an American walnut Jumbo table top with a unique decorative wood and various precious metals, in the showroom of Artebrotto known for its artisan woodwork.<\/p>\n<p><img loading=\"lazy\" decoding=\"async\" class=\"alignnone size-full wp-image-18859\" src=\"https:\/\/www.esterpartners.com\/wp-content\/uploads\/2021\/08\/5.jpg\" alt=\"\" width=\"2100\" height=\"1410\" \/><\/p>\n<p>The interiors of the Spirit de Milan nightclub are empty in summer, but the outdoor space is full, everyone is having a great time. The Spirit has been a hot spot for evening entertainment and nightlife in recent years, it\u2019s a great place for aperitifs, dinner and digestivo. I\u2019m sure I will come back very soon.<\/p>\n<p><img loading=\"lazy\" decoding=\"async\" class=\"alignnone size-full wp-image-18856\" src=\"https:\/\/www.esterpartners.com\/wp-content\/uploads\/2021\/08\/6.jpg\" alt=\"\" width=\"2100\" height=\"1410\" \/><\/p>\n<p><img loading=\"lazy\" decoding=\"async\" class=\"alignnone size-full wp-image-18855\" src=\"https:\/\/www.esterpartners.com\/wp-content\/uploads\/2021\/08\/7.jpg\" alt=\"\" width=\"2100\" height=\"1410\" \/><\/p>\n<p>Louis Vuitton&#8217;s front, wallpapered with this year&#8217;s color trends. This summer the whole Via Montenapoleone is full of colors, I think, after the pandemic, Italians are more colorful, happier and more creative than ever.<\/p>","protected":false},"excerpt":{"rendered":"<p>This summer, after a long break, este&#8217;r partners team was finally able to travel again. We visited our Italian partners, met our colleagues and we also discovered old and new places in and around Milan. Eszter Radn\u00f3czy tells us about her Italian memories and shares her favorite photos. Italy is not only a place of [&hellip;]<\/p>\n","protected":false},"author":2,"featured_media":18866,"comment_status":"closed","ping_status":"closed","sticky":false,"template":"","format":"standard","meta":{"footnotes":""},"categories":[20],"tags":[23],"class_list":["post-19073","post","type-post","status-publish","format-standard","has-post-thumbnail","hentry","category-rolunk","tag-english"],"yoast_head":"<!-- This site is optimized with the Yoast SEO plugin v27.5 - https:\/\/yoast.com\/product\/yoast-seo-wordpress\/ -->\n<title>Postcard from Italy: a journey with interior designer Eszter Radn\u00f3czy - esterpartners<\/title>\n<meta name=\"robots\" content=\"index, follow, max-snippet:-1, max-image-preview:large, max-video-preview:-1\" \/>\n<link rel=\"canonical\" href=\"https:\/\/www.esterpartners.com\/hu\/postcard-from-italy-a-journey-with-interior-designer-eszter-radnoczy\/\" \/>\n<meta property=\"og:locale\" content=\"hu_HU\" \/>\n<meta property=\"og:type\" content=\"article\" \/>\n<meta property=\"og:title\" content=\"Postcard from Italy: a journey with interior designer Eszter Radn\u00f3czy - esterpartners\" \/>\n<meta property=\"og:description\" content=\"This summer, after a long break, este&#8217;r partners team was finally able to travel again. We visited our Italian partners, met our colleagues and we also discovered old and new places in and around Milan. Eszter Radn\u00f3czy tells us about her Italian memories and shares her favorite photos. Italy is not only a place of [&hellip;]\" \/>\n<meta property=\"og:url\" content=\"https:\/\/www.esterpartners.com\/hu\/postcard-from-italy-a-journey-with-interior-designer-eszter-radnoczy\/\" \/>\n<meta property=\"og:site_name\" content=\"esterpartners\" \/>\n<meta property=\"article:publisher\" content=\"https:\/\/www.facebook.com\/esterpartners\" \/>\n<meta property=\"article:published_time\" content=\"2021-09-08T08:45:30+00:00\" \/>\n<meta property=\"article:modified_time\" content=\"2024-02-06T11:48:31+00:00\" \/>\n<meta property=\"og:image\" content=\"https:\/\/www.esterpartners.com\/wp-content\/uploads\/2021\/08\/Ke\u0301pernyo\u030bfoto\u0301-2021-08-24-8.09.13.png\" \/>\n\t<meta property=\"og:image:width\" content=\"1083\" \/>\n\t<meta property=\"og:image:height\" content=\"524\" \/>\n\t<meta property=\"og:image:type\" content=\"image\/png\" \/>\n<meta name=\"author\" content=\"Bianka B\u00e1n\u00f3czi\" \/>\n<meta name=\"twitter:card\" content=\"summary_large_image\" \/>\n<meta name=\"twitter:label1\" content=\"Szerz\u0151:\" \/>\n\t<meta name=\"twitter:data1\" content=\"Bianka B\u00e1n\u00f3czi\" \/>\n\t<meta name=\"twitter:label2\" content=\"Becs\u00fclt olvas\u00e1si id\u0151\" \/>\n\t<meta name=\"twitter:data2\" content=\"5 perc\" \/>\n<script type=\"application\/ld+json\" class=\"yoast-schema-graph\">{\"@context\":\"https:\\\/\\\/schema.org\",\"@graph\":[{\"@type\":\"Article\",\"@id\":\"https:\\\/\\\/www.esterpartners.com\\\/postcard-from-italy-a-journey-with-interior-designer-eszter-radnoczy\\\/#article\",\"isPartOf\":{\"@id\":\"https:\\\/\\\/www.esterpartners.com\\\/postcard-from-italy-a-journey-with-interior-designer-eszter-radnoczy\\\/\"},\"author\":{\"name\":\"Bianka B\u00e1n\u00f3czi\",\"@id\":\"https:\\\/\\\/www.esterpartners.com\\\/#\\\/schema\\\/person\\\/f066f933de7cf20b1c60605e6d9b9c22\"},\"headline\":\"Postcard from Italy: a journey with interior designer Eszter Radn\u00f3czy\",\"datePublished\":\"2021-09-08T08:45:30+00:00\",\"dateModified\":\"2024-02-06T11:48:31+00:00\",\"mainEntityOfPage\":{\"@id\":\"https:\\\/\\\/www.esterpartners.com\\\/postcard-from-italy-a-journey-with-interior-designer-eszter-radnoczy\\\/\"},\"wordCount\":590,\"publisher\":{\"@id\":\"https:\\\/\\\/www.esterpartners.com\\\/#organization\"},\"image\":{\"@id\":\"https:\\\/\\\/www.esterpartners.com\\\/postcard-from-italy-a-journey-with-interior-designer-eszter-radnoczy\\\/#primaryimage\"},\"thumbnailUrl\":\"https:\\\/\\\/www.esterpartners.com\\\/wp-content\\\/uploads\\\/2021\\\/08\\\/Ke\u0301pernyo\u030bfoto\u0301-2021-08-24-8.09.13.jpg\",\"keywords\":[\"English\"],\"articleSection\":[\"R\u00f3lunk\"],\"inLanguage\":\"hu\"},{\"@type\":\"WebPage\",\"@id\":\"https:\\\/\\\/www.esterpartners.com\\\/postcard-from-italy-a-journey-with-interior-designer-eszter-radnoczy\\\/\",\"url\":\"https:\\\/\\\/www.esterpartners.com\\\/postcard-from-italy-a-journey-with-interior-designer-eszter-radnoczy\\\/\",\"name\":\"Postcard from Italy: a journey with interior designer Eszter Radn\u00f3czy - esterpartners\",\"isPartOf\":{\"@id\":\"https:\\\/\\\/www.esterpartners.com\\\/#website\"},\"primaryImageOfPage\":{\"@id\":\"https:\\\/\\\/www.esterpartners.com\\\/postcard-from-italy-a-journey-with-interior-designer-eszter-radnoczy\\\/#primaryimage\"},\"image\":{\"@id\":\"https:\\\/\\\/www.esterpartners.com\\\/postcard-from-italy-a-journey-with-interior-designer-eszter-radnoczy\\\/#primaryimage\"},\"thumbnailUrl\":\"https:\\\/\\\/www.esterpartners.com\\\/wp-content\\\/uploads\\\/2021\\\/08\\\/Ke\u0301pernyo\u030bfoto\u0301-2021-08-24-8.09.13.jpg\",\"datePublished\":\"2021-09-08T08:45:30+00:00\",\"dateModified\":\"2024-02-06T11:48:31+00:00\",\"breadcrumb\":{\"@id\":\"https:\\\/\\\/www.esterpartners.com\\\/postcard-from-italy-a-journey-with-interior-designer-eszter-radnoczy\\\/#breadcrumb\"},\"inLanguage\":\"hu\",\"potentialAction\":[{\"@type\":\"ReadAction\",\"target\":[\"https:\\\/\\\/www.esterpartners.com\\\/postcard-from-italy-a-journey-with-interior-designer-eszter-radnoczy\\\/\"]}]},{\"@type\":\"ImageObject\",\"inLanguage\":\"hu\",\"@id\":\"https:\\\/\\\/www.esterpartners.com\\\/postcard-from-italy-a-journey-with-interior-designer-eszter-radnoczy\\\/#primaryimage\",\"url\":\"https:\\\/\\\/www.esterpartners.com\\\/wp-content\\\/uploads\\\/2021\\\/08\\\/Ke\u0301pernyo\u030bfoto\u0301-2021-08-24-8.09.13.jpg\",\"contentUrl\":\"https:\\\/\\\/www.esterpartners.com\\\/wp-content\\\/uploads\\\/2021\\\/08\\\/Ke\u0301pernyo\u030bfoto\u0301-2021-08-24-8.09.13.jpg\",\"width\":1083,\"height\":524},{\"@type\":\"BreadcrumbList\",\"@id\":\"https:\\\/\\\/www.esterpartners.com\\\/postcard-from-italy-a-journey-with-interior-designer-eszter-radnoczy\\\/#breadcrumb\",\"itemListElement\":[{\"@type\":\"ListItem\",\"position\":1,\"name\":\"Home\",\"item\":\"https:\\\/\\\/www.esterpartners.com\\\/\"},{\"@type\":\"ListItem\",\"position\":2,\"name\":\"Postcard from Italy: a journey with interior designer Eszter Radn\u00f3czy\"}]},{\"@type\":\"WebSite\",\"@id\":\"https:\\\/\\\/www.esterpartners.com\\\/#website\",\"url\":\"https:\\\/\\\/www.esterpartners.com\\\/\",\"name\":\"esterpartners\",\"description\":\"interior architecture\",\"publisher\":{\"@id\":\"https:\\\/\\\/www.esterpartners.com\\\/#organization\"},\"potentialAction\":[{\"@type\":\"SearchAction\",\"target\":{\"@type\":\"EntryPoint\",\"urlTemplate\":\"https:\\\/\\\/www.esterpartners.com\\\/?s={search_term_string}\"},\"query-input\":{\"@type\":\"PropertyValueSpecification\",\"valueRequired\":true,\"valueName\":\"search_term_string\"}}],\"inLanguage\":\"hu\"},{\"@type\":\"Organization\",\"@id\":\"https:\\\/\\\/www.esterpartners.com\\\/#organization\",\"name\":\"esterpartners\",\"url\":\"https:\\\/\\\/www.esterpartners.com\\\/\",\"logo\":{\"@type\":\"ImageObject\",\"inLanguage\":\"hu\",\"@id\":\"https:\\\/\\\/www.esterpartners.com\\\/#\\\/schema\\\/logo\\\/image\\\/\",\"url\":\"https:\\\/\\\/www.esterpartners.com\\\/wp-content\\\/uploads\\\/2023\\\/04\\\/ESTERPARTNERS__logo_full_black.png\",\"contentUrl\":\"https:\\\/\\\/www.esterpartners.com\\\/wp-content\\\/uploads\\\/2023\\\/04\\\/ESTERPARTNERS__logo_full_black.png\",\"width\":2354,\"height\":911,\"caption\":\"esterpartners\"},\"image\":{\"@id\":\"https:\\\/\\\/www.esterpartners.com\\\/#\\\/schema\\\/logo\\\/image\\\/\"},\"sameAs\":[\"https:\\\/\\\/www.facebook.com\\\/esterpartners\"]},{\"@type\":\"Person\",\"@id\":\"https:\\\/\\\/www.esterpartners.com\\\/#\\\/schema\\\/person\\\/f066f933de7cf20b1c60605e6d9b9c22\",\"name\":\"Bianka B\u00e1n\u00f3czi\",\"image\":{\"@type\":\"ImageObject\",\"inLanguage\":\"hu\",\"@id\":\"https:\\\/\\\/secure.gravatar.com\\\/avatar\\\/9264f31ae429a9a0b09282a886d4f9b2c674bc58224aa8b7c6bdd5e30563493c?s=96&d=mm&r=g\",\"url\":\"https:\\\/\\\/secure.gravatar.com\\\/avatar\\\/9264f31ae429a9a0b09282a886d4f9b2c674bc58224aa8b7c6bdd5e30563493c?s=96&d=mm&r=g\",\"contentUrl\":\"https:\\\/\\\/secure.gravatar.com\\\/avatar\\\/9264f31ae429a9a0b09282a886d4f9b2c674bc58224aa8b7c6bdd5e30563493c?s=96&d=mm&r=g\",\"caption\":\"Bianka B\u00e1n\u00f3czi\"},\"url\":\"https:\\\/\\\/www.esterpartners.com\\\/hu\\\/author\\\/bianka\\\/\"}]}<\/script>\n<!-- \/ Yoast SEO plugin. -->","yoast_head_json":{"title":"Postcard from Italy: a journey with interior designer Eszter Radn\u00f3czy - esterpartners","robots":{"index":"index","follow":"follow","max-snippet":"max-snippet:-1","max-image-preview":"max-image-preview:large","max-video-preview":"max-video-preview:-1"},"canonical":"https:\/\/www.esterpartners.com\/hu\/postcard-from-italy-a-journey-with-interior-designer-eszter-radnoczy\/","og_locale":"hu_HU","og_type":"article","og_title":"Postcard from Italy: a journey with interior designer Eszter Radn\u00f3czy - esterpartners","og_description":"This summer, after a long break, este&#8217;r partners team was finally able to travel again. We visited our Italian partners, met our colleagues and we also discovered old and new places in and around Milan. Eszter Radn\u00f3czy tells us about her Italian memories and shares her favorite photos. Italy is not only a place of [&hellip;]","og_url":"https:\/\/www.esterpartners.com\/hu\/postcard-from-italy-a-journey-with-interior-designer-eszter-radnoczy\/","og_site_name":"esterpartners","article_publisher":"https:\/\/www.facebook.com\/esterpartners","article_published_time":"2021-09-08T08:45:30+00:00","article_modified_time":"2024-02-06T11:48:31+00:00","og_image":[{"width":1083,"height":524,"url":"https:\/\/www.esterpartners.com\/wp-content\/uploads\/2021\/08\/Ke\u0301pernyo\u030bfoto\u0301-2021-08-24-8.09.13.png","type":"image\/png"}],"author":"Bianka B\u00e1n\u00f3czi","twitter_card":"summary_large_image","twitter_misc":{"Szerz\u0151:":"Bianka B\u00e1n\u00f3czi","Becs\u00fclt olvas\u00e1si id\u0151":"5 perc"},"schema":{"@context":"https:\/\/schema.org","@graph":[{"@type":"Article","@id":"https:\/\/www.esterpartners.com\/postcard-from-italy-a-journey-with-interior-designer-eszter-radnoczy\/#article","isPartOf":{"@id":"https:\/\/www.esterpartners.com\/postcard-from-italy-a-journey-with-interior-designer-eszter-radnoczy\/"},"author":{"name":"Bianka B\u00e1n\u00f3czi","@id":"https:\/\/www.esterpartners.com\/#\/schema\/person\/f066f933de7cf20b1c60605e6d9b9c22"},"headline":"Postcard from Italy: a journey with interior designer Eszter Radn\u00f3czy","datePublished":"2021-09-08T08:45:30+00:00","dateModified":"2024-02-06T11:48:31+00:00","mainEntityOfPage":{"@id":"https:\/\/www.esterpartners.com\/postcard-from-italy-a-journey-with-interior-designer-eszter-radnoczy\/"},"wordCount":590,"publisher":{"@id":"https:\/\/www.esterpartners.com\/#organization"},"image":{"@id":"https:\/\/www.esterpartners.com\/postcard-from-italy-a-journey-with-interior-designer-eszter-radnoczy\/#primaryimage"},"thumbnailUrl":"https:\/\/www.esterpartners.com\/wp-content\/uploads\/2021\/08\/Ke\u0301pernyo\u030bfoto\u0301-2021-08-24-8.09.13.jpg","keywords":["English"],"articleSection":["R\u00f3lunk"],"inLanguage":"hu"},{"@type":"WebPage","@id":"https:\/\/www.esterpartners.com\/postcard-from-italy-a-journey-with-interior-designer-eszter-radnoczy\/","url":"https:\/\/www.esterpartners.com\/postcard-from-italy-a-journey-with-interior-designer-eszter-radnoczy\/","name":"Postcard from Italy: a journey with interior designer Eszter Radn\u00f3czy - esterpartners","isPartOf":{"@id":"https:\/\/www.esterpartners.com\/#website"},"primaryImageOfPage":{"@id":"https:\/\/www.esterpartners.com\/postcard-from-italy-a-journey-with-interior-designer-eszter-radnoczy\/#primaryimage"},"image":{"@id":"https:\/\/www.esterpartners.com\/postcard-from-italy-a-journey-with-interior-designer-eszter-radnoczy\/#primaryimage"},"thumbnailUrl":"https:\/\/www.esterpartners.com\/wp-content\/uploads\/2021\/08\/Ke\u0301pernyo\u030bfoto\u0301-2021-08-24-8.09.13.jpg","datePublished":"2021-09-08T08:45:30+00:00","dateModified":"2024-02-06T11:48:31+00:00","breadcrumb":{"@id":"https:\/\/www.esterpartners.com\/postcard-from-italy-a-journey-with-interior-designer-eszter-radnoczy\/#breadcrumb"},"inLanguage":"hu","potentialAction":[{"@type":"ReadAction","target":["https:\/\/www.esterpartners.com\/postcard-from-italy-a-journey-with-interior-designer-eszter-radnoczy\/"]}]},{"@type":"ImageObject","inLanguage":"hu","@id":"https:\/\/www.esterpartners.com\/postcard-from-italy-a-journey-with-interior-designer-eszter-radnoczy\/#primaryimage","url":"https:\/\/www.esterpartners.com\/wp-content\/uploads\/2021\/08\/Ke\u0301pernyo\u030bfoto\u0301-2021-08-24-8.09.13.jpg","contentUrl":"https:\/\/www.esterpartners.com\/wp-content\/uploads\/2021\/08\/Ke\u0301pernyo\u030bfoto\u0301-2021-08-24-8.09.13.jpg","width":1083,"height":524},{"@type":"BreadcrumbList","@id":"https:\/\/www.esterpartners.com\/postcard-from-italy-a-journey-with-interior-designer-eszter-radnoczy\/#breadcrumb","itemListElement":[{"@type":"ListItem","position":1,"name":"Home","item":"https:\/\/www.esterpartners.com\/"},{"@type":"ListItem","position":2,"name":"Postcard from Italy: a journey with interior designer Eszter Radn\u00f3czy"}]},{"@type":"WebSite","@id":"https:\/\/www.esterpartners.com\/#website","url":"https:\/\/www.esterpartners.com\/","name":"esterpartners","description":"interior architecture","publisher":{"@id":"https:\/\/www.esterpartners.com\/#organization"},"potentialAction":[{"@type":"SearchAction","target":{"@type":"EntryPoint","urlTemplate":"https:\/\/www.esterpartners.com\/?s={search_term_string}"},"query-input":{"@type":"PropertyValueSpecification","valueRequired":true,"valueName":"search_term_string"}}],"inLanguage":"hu"},{"@type":"Organization","@id":"https:\/\/www.esterpartners.com\/#organization","name":"esterpartners","url":"https:\/\/www.esterpartners.com\/","logo":{"@type":"ImageObject","inLanguage":"hu","@id":"https:\/\/www.esterpartners.com\/#\/schema\/logo\/image\/","url":"https:\/\/www.esterpartners.com\/wp-content\/uploads\/2023\/04\/ESTERPARTNERS__logo_full_black.png","contentUrl":"https:\/\/www.esterpartners.com\/wp-content\/uploads\/2023\/04\/ESTERPARTNERS__logo_full_black.png","width":2354,"height":911,"caption":"esterpartners"},"image":{"@id":"https:\/\/www.esterpartners.com\/#\/schema\/logo\/image\/"},"sameAs":["https:\/\/www.facebook.com\/esterpartners"]},{"@type":"Person","@id":"https:\/\/www.esterpartners.com\/#\/schema\/person\/f066f933de7cf20b1c60605e6d9b9c22","name":"Bianka B\u00e1n\u00f3czi","image":{"@type":"ImageObject","inLanguage":"hu","@id":"https:\/\/secure.gravatar.com\/avatar\/9264f31ae429a9a0b09282a886d4f9b2c674bc58224aa8b7c6bdd5e30563493c?s=96&d=mm&r=g","url":"https:\/\/secure.gravatar.com\/avatar\/9264f31ae429a9a0b09282a886d4f9b2c674bc58224aa8b7c6bdd5e30563493c?s=96&d=mm&r=g","contentUrl":"https:\/\/secure.gravatar.com\/avatar\/9264f31ae429a9a0b09282a886d4f9b2c674bc58224aa8b7c6bdd5e30563493c?s=96&d=mm&r=g","caption":"Bianka B\u00e1n\u00f3czi"},"url":"https:\/\/www.esterpartners.com\/hu\/author\/bianka\/"}]}},"_links":{"self":[{"href":"https:\/\/www.esterpartners.com\/hu\/wp-json\/wp\/v2\/posts\/19073","targetHints":{"allow":["GET"]}}],"collection":[{"href":"https:\/\/www.esterpartners.com\/hu\/wp-json\/wp\/v2\/posts"}],"about":[{"href":"https:\/\/www.esterpartners.com\/hu\/wp-json\/wp\/v2\/types\/post"}],"author":[{"embeddable":true,"href":"https:\/\/www.esterpartners.com\/hu\/wp-json\/wp\/v2\/users\/2"}],"replies":[{"embeddable":true,"href":"https:\/\/www.esterpartners.com\/hu\/wp-json\/wp\/v2\/comments?post=19073"}],"version-history":[{"count":0,"href":"https:\/\/www.esterpartners.com\/hu\/wp-json\/wp\/v2\/posts\/19073\/revisions"}],"wp:featuredmedia":[{"embeddable":true,"href":"https:\/\/www.esterpartners.com\/hu\/wp-json\/wp\/v2\/media\/18866"}],"wp:attachment":[{"href":"https:\/\/www.esterpartners.com\/hu\/wp-json\/wp\/v2\/media?parent=19073"}],"wp:term":[{"taxonomy":"category","embeddable":true,"href":"https:\/\/www.esterpartners.com\/hu\/wp-json\/wp\/v2\/categories?post=19073"},{"taxonomy":"post_tag","embeddable":true,"href":"https:\/\/www.esterpartners.com\/hu\/wp-json\/wp\/v2\/tags?post=19073"}],"curies":[{"name":"wp","href":"https:\/\/api.w.org\/{rel}","templated":true}]}}