{"id":19120,"date":"2021-09-20T11:27:25","date_gmt":"2021-09-20T11:27:25","guid":{"rendered":"https:\/\/www.esterpartners.com\/?p=19120"},"modified":"2024-02-06T11:48:21","modified_gmt":"2024-02-06T11:48:21","slug":"szines-es-bator-ilyen-volt-a-supersalone-milanoban","status":"publish","type":"post","link":"https:\/\/www.esterpartners.com\/hu\/szines-es-bator-ilyen-volt-a-supersalone-milanoban\/","title":{"rendered":"Sz\u00ednes \u00e9s b\u00e1tor: ilyen volt a Supersalone Mil\u00e1n\u00f3ban"},"content":{"rendered":"<p>Egy rendk\u00edv\u00fcli ki\u00e1ll\u00edt\u00e1s \u00faj koncepci\u00f3ba \u00f6lt\u00f6zve. A mil\u00e1n\u00f3i ismert \u00e9p\u00edt\u00e9sz \u00e9s v\u00e1rostervez\u0151, Stefano Boeri (t\u00f6bbek k\u00f6z\u00f6tt a F\u00fcgg\u0151kertek, a Giardini verticali \u00e9p\u00fclet tervez\u0151je) \u00f6tlete alapj\u00e1n val\u00f3sulhatott meg m\u00e1sf\u00e9l \u00e9v halaszt\u00e1s ut\u00e1n, a szok\u00e1sost\u00f3l elt\u00e9r\u0151 id\u0151pontban, szeptemberben megrendez\u00e9sre ker\u00fcl\u0151 b\u00fator- \u00e9s designki\u00e1ll\u00edt\u00e1s. Cikk\u00fcnkben Radn\u00f3czy Eszter bels\u0151\u00e9p\u00edt\u00e9sz mes\u00e9l az idei Milan Design Weekr\u0151l!<\/p>\n<p><img fetchpriority=\"high\" decoding=\"async\" class=\"alignnone size-full wp-image-19129\" src=\"https:\/\/www.esterpartners.com\/wp-content\/uploads\/2021\/09\/Ke\u0301p1.png\" alt=\"\" width=\"945\" height=\"650\" \/><\/p>\n<p>A szervez\u0151k idei \u00f6tlete az volt, hogy a kisebb k\u00f6lts\u00e9g \u00e9s nagyobb \u00e1ttekinthet\u0151s\u00e9g miatt standokon, m\u00fazeumszer\u0171 koncepci\u00f3ban mutass\u00e1k meg a gy\u00e1rt\u00f3k \u00fajdons\u00e1gaikat. A ki\u00e1ll\u00edt\u00e1s el\u0151tt t\u00f6bb partner\u00fcnkkel besz\u00e9ltem, izgalommal, de r\u00e9szben csal\u00f3dotts\u00e1ggal v\u00e1rt\u00e1k az esem\u00e9nyt. Csal\u00f3dotts\u00e1ggal, hiszen kev\u00e9s id\u0151 volt az el\u0151k\u00e9sz\u00fcletre, t\u00f6bben nem is v\u00e1llalt\u00e1k a ki\u00e1ll\u00edt\u00e1st, mondv\u00e1n, hogy rizik\u00f3s, kev\u00e9s l\u00e1togat\u00f3 lesz, utols\u00f3 pillanatban meghi\u00fasulhat a v\u00edrus v\u00e1ratlan k\u00f6vetkezm\u00e9nyei miatt \u00e9s nincs lehet\u0151s\u00e9g a teljes term\u00e9kpalett\u00e1t bemutatni.<\/p>\n<p>Meg\u00e9rkez\u00e9sem napj\u00e1n k\u00edv\u00e1ncsian mentem a helysz\u00ednre \u00e9s az egynapos l\u00e1togat\u00e1s ut\u00e1n el\u00e9gedetten t\u00e1voztam.<\/p>\n<p>\u00c1tl\u00e1that\u00f3 volt az esem\u00e9ny, a c\u00e9gek sz\u00e9pen egym\u00e1s ut\u00e1n felsorakoztak, t\u00f6bbnyire er\u0151s \u00fczenet\u0171 \u00e9s figyelemfelkelt\u0151 standjaikon. A kreativit\u00e1s kis helyen, n\u00e9h\u00e1nysz\u00e1z m\u00e9teren is meg tudott mutatkozni \u00e9s felismerhet\u0151k voltak a gy\u00e1rt\u00f3k jellegzetes karakterelemei. Aki persze ismeri a Salone del Mobile hatalmas \u00e9s v\u00e9gtelen ki\u00e1ll\u00edt\u00e1s\u00e1t, bizony\u00e1ra nem ezt v\u00e1rta. A leg\u00fajabb term\u00e9k, egy-egy fontos \u00fczenet, kreat\u00edv gondolat a term\u00e9kr\u0151l, megjelen\u00e9s\u00e9r\u0151l, min\u0151s\u00e9g\u00e9r\u0151l azonban \u00edgy is gyorsan teret tal\u00e1lt mag\u00e1nak.<\/p>\n<p><img decoding=\"async\" class=\"alignnone size-full wp-image-19123\" src=\"https:\/\/www.esterpartners.com\/wp-content\/uploads\/2021\/09\/IMG_0066-scaled.jpg\" alt=\"\" width=\"2560\" height=\"1920\" \/><\/p>\n<p>A standok megtekint\u00e9s\u00e9re nem kellett regisztr\u00e1lni, a tulajdonost vagy k\u00e9pvisel\u0151t nem kellett keresg\u00e9lni, hanem ott \u00fclt a ki\u00e1ll\u00edtott egyetlen sz\u00f3f\u00e1n vagy a pult m\u00f6g\u00f6tt. Ez a demokratikus megk\u00f6zel\u00edt\u00e9s kifejezetten tetszett: oda\u00fcltem, besz\u00e9lgett\u00fcnk \u00e9s a szok\u00e1sosn\u00e1l mindenki pihentebbnek \u00e9s figyelmesebbnek t\u0171nt. Bizony\u00e1ra ez a koncepci\u00f3 a szakmai l\u00e1togat\u00f3knak kedvez, kor\u00e1bbi term\u00e9k \u00e9s gy\u00e1rt\u00f3i ismeret sz\u00fcks\u00e9ges ahhoz, hogy a c\u00e9gek teljes palett\u00e1j\u00e1t \u00e1tl\u00e1ssuk.<\/p>\n<p>&nbsp;<\/p>\n<p>Term\u00e9szetesen a mil\u00e1n\u00f3i design\u00e9t nem csak a Fier\u00e1n rendezett ki\u00e1ll\u00edt\u00e1sr\u00f3l sz\u00f3l, hanem a k\u00fcls\u0151 helysz\u00ednekr\u0151l is. Ezen a h\u00e9ten a design az \u00e1tlagosn\u00e1l jobban uralja a v\u00e1ros \u00e9let\u00e9t. Az \u00e1lland\u00f3 bemutat\u00f3remek k\u00fcl\u00f6nleges programokkal \u00e9s install\u00e1ci\u00f3kkal v\u00e1rj\u00e1k az \u00e9rdekl\u0151d\u0151ket. A kisebb gy\u00e1rt\u00f3k, akiknek nincs Mil\u00e1n\u00f3ban bemutat\u00f3term\u00fck, \u00f6ssze\u00e1llnak \u00e9s k\u00f6z\u00f6s rendezv\u00e9nyekkel kedveskednek.<\/p>\n<p>A \u201cnagyok\u201d olyan helysz\u00edneket keresnek, amik magukban is \u00f3ri\u00e1si \u00e9lm\u00e9nyt ny\u00fajtanak. Palazz\u00f3k sokas\u00e1ga v\u00e1rja a l\u00e1togat\u00f3kat, ahol a r\u00e9gi, antik az \u00fajjal, innovat\u00edvval tal\u00e1lkozik. Mil\u00e1n\u00f3 sz\u00ednes, nagyon sz\u00ednes \u00e9s mint mindig b\u00e1tor. Minden \u00e9l\u00e9nk, csillog, t\u00fal nagy, t\u00fal pici, \u00e9rdes \u00e9s l\u00e1gy. A kontrasztok egy rendk\u00edv\u00fcl k\u00fcl\u00f6nleges ar\u00e1nyban tal\u00e1lkoznak \u00e9s v\u00e1lnak meghat\u00e1roz\u00f3 \u00e9lm\u00e9nny\u00e9.<\/p>\n<p><img decoding=\"async\" class=\"alignnone size-full wp-image-19130\" src=\"https:\/\/www.esterpartners.com\/wp-content\/uploads\/2021\/09\/Elle-Decor-Italia-scaled.jpeg\" alt=\"\" width=\"2278\" height=\"2560\" \/><\/p>\n<p>Az \u00e9lm\u00e9nyeimb\u0151l n\u00e9h\u00e1ny k\u00f6vetkezzen most r\u00e9szletesen:<\/p>\n<p>Az olasz design mellett a francia kreativit\u00e1s szerelmese vagyok. Az\u00e9rt, mert eklektikus \u00e9s fantasztikusan kezeli a geometri\u00e1t a buja \u00edvekkel, a term\u00e9szetet \u00f6tv\u00f6zi a technik\u00e1val. Igaz\u00e1n mesebeli. Pont ilyen volt a Herm\u00e9s ki\u00e1ll\u00edt\u00e1sa a Brera negyedben. Sz\u00ednes geometrikus mint\u00e1kkal d\u00edsz\u00edtett falu, hatalmas rusztikus v\u00e1lyogfalak k\u00f6z\u00e9 rendezett impulz\u00edv bels\u0151 sz\u00ednpadok, t\u00e1rgyi, t\u00e9r \u00e9s sz\u00edn \u00e9lm\u00e9ny egy\u00fcttese, mely a hagyom\u00e1nyt az innov\u00e1ci\u00f3 egy\u00fcttesen kezel\u0151 koncepci\u00f3 Charlotte Macaux Perleman nev\u00e9hez k\u00f6t\u0151dik.<\/p>\n<p><img loading=\"lazy\" decoding=\"async\" class=\"alignnone size-full wp-image-19122\" src=\"https:\/\/www.esterpartners.com\/wp-content\/uploads\/2021\/09\/Hermes-2-scaled.jpg\" alt=\"\" width=\"2560\" height=\"1920\" srcset=\"https:\/\/www.esterpartners.com\/wp-content\/uploads\/2021\/09\/Hermes-2-scaled.jpg 2560w, https:\/\/www.esterpartners.com\/wp-content\/uploads\/2021\/09\/Hermes-2-300x225.jpg 300w, https:\/\/www.esterpartners.com\/wp-content\/uploads\/2021\/09\/Hermes-2-1024x768.jpg 1024w, https:\/\/www.esterpartners.com\/wp-content\/uploads\/2021\/09\/Hermes-2-768x576.jpg 768w, https:\/\/www.esterpartners.com\/wp-content\/uploads\/2021\/09\/Hermes-2-1536x1152.jpg 1536w, https:\/\/www.esterpartners.com\/wp-content\/uploads\/2021\/09\/Hermes-2-2048x1536.jpg 2048w, https:\/\/www.esterpartners.com\/wp-content\/uploads\/2021\/09\/Hermes-2-16x12.jpg 16w, https:\/\/www.esterpartners.com\/wp-content\/uploads\/2021\/09\/Hermes-2-1200x900.jpg 1200w, https:\/\/www.esterpartners.com\/wp-content\/uploads\/2021\/09\/Hermes-2-1980x1485.jpg 1980w\" sizes=\"(max-width: 2560px) 100vw, 2560px\" \/><\/p>\n<p>A mil\u00e1n\u00f3i Francia Int\u00e9zet \u00e9p\u00fclete mag\u00e1ban is gy\u00f6ny\u00f6r\u0171, a Sant Ambroggio bazilika k\u00f6zel\u00e9ben, egy kolostorudvar \u00e1ll a k\u00f6zep\u00e9n. A Fuori Salone alatt a Mobilier national c\u00e9ggel egy\u00fcttm\u0171k\u00f6dve l\u00e1thattuk Piere Nigro tervez\u0151 b\u00fatorait. Az Armadillo b\u00fatorcsal\u00e1d lehet\u0151v\u00e9 tette a gy\u00e1rt\u00f3nak, hogy bizony\u00edtsa a virtu\u00f3zit\u00e1st a fafeldolgoz\u00e1s ter\u00e9n. Kism\u00e9ret\u0171, t\u00f6m\u00f6rfa t\u00e9glalapokb\u00f3l \u00e9s csapokb\u00f3l \u00e1ll\u00f3 b\u00fatordarabok szerkezet\u00e9t \u00e9s logik\u00e1j\u00e1t ismertette a ki\u00e1ll\u00edt\u00e1s. A m\u00e1sik term\u00e9k, a H\u00e9micycle \u00fcl\u00e9ssor a tervez\u00e9s\u00e9ben \u00e9s k\u00e1rpitoz\u00e1s\u00e1ban r\u00e9szt vev\u0151 francia gy\u00e1rt\u00f3, a Ligne Roset egy\u00fcttm\u0171k\u00f6d\u00e9s\u00e9vel k\u00e9sz\u00fclt. \u00a0A b\u00fator f\u00e9mv\u00e1za, szerkezete darabokra bontva mutatta be a kreat\u00edv technol\u00f3gi\u00e1t.<\/p>\n<p><img loading=\"lazy\" decoding=\"async\" class=\"alignnone size-full wp-image-19125\" src=\"https:\/\/www.esterpartners.com\/wp-content\/uploads\/2021\/09\/Ne\u0301vtelen-3-scaled.jpg\" alt=\"\" width=\"2560\" height=\"1439\" \/><\/p>\n<p>A Nilufar Gal\u00e9ria a via dela Spigan \u00e9s a Nilufar Depo minden alkalommal meglepet\u00e9seket tartogat. Nina Yashar nagyl\u00e9pt\u00e9k\u0171, eklektikusan v\u00e1logatott projekteket \u00e9s egyedi darabokat mutat be, amelyeket apr\u00f3l\u00e9kos kutat\u00e1sa r\u00e9v\u00e9n fedez fel \u00e9s k\u00f6z\u00f6sen fejleszt a tervez\u0151kkel.<\/p>\n<p>Bel\u00e9pve a helysz\u00ednre az ipari \u00e9p\u00fclet monument\u00e1lis \u00e1trium\u00e1ban az 1920-ban sz\u00fclettet, a legnagyobb nemzetk\u00f6zi kort\u00e1rs gy\u0171jtem\u00e9nyekben megtal\u00e1lhat\u00f3 Pietro Consagra Matacubi szobrain gy\u00f6ny\u00f6rk\u00f6dhett\u00fcnk.\u00a0 Az \u00e9p\u00fclet sz\u00ednpad\u00e1t az \u00fagynevezett Odyssey ki\u00e1ll\u00edt\u00e1snak szentelt\u00e9k, ahol Andr\u00e9s Reisinger els\u0151 olaszorsz\u00e1gi bemutat\u00f3ja kapott helyet.<\/p>\n<p><img loading=\"lazy\" decoding=\"async\" class=\"alignnone size-full wp-image-19124\" src=\"https:\/\/www.esterpartners.com\/wp-content\/uploads\/2021\/09\/8-1.jpg\" alt=\"\" width=\"1600\" height=\"1463\" srcset=\"https:\/\/www.esterpartners.com\/wp-content\/uploads\/2021\/09\/8-1.jpg 1600w, https:\/\/www.esterpartners.com\/wp-content\/uploads\/2021\/09\/8-1-300x274.jpg 300w, https:\/\/www.esterpartners.com\/wp-content\/uploads\/2021\/09\/8-1-1024x936.jpg 1024w, https:\/\/www.esterpartners.com\/wp-content\/uploads\/2021\/09\/8-1-768x702.jpg 768w, https:\/\/www.esterpartners.com\/wp-content\/uploads\/2021\/09\/8-1-1536x1404.jpg 1536w, https:\/\/www.esterpartners.com\/wp-content\/uploads\/2021\/09\/8-1-13x12.jpg 13w, https:\/\/www.esterpartners.com\/wp-content\/uploads\/2021\/09\/8-1-1200x1097.jpg 1200w\" sizes=\"(max-width: 1600px) 100vw, 1600px\" \/><\/p>\n<p>A tervez\u0151 a digit\u00e1lis vil\u00e1g \u00e9s a val\u00f3s vil\u00e1g k\u00f6z\u00f6tti kapcsolatr\u00f3l besz\u00e9l a b\u00fatorok \u00e9s az vet\u00edtett k\u00e9p k\u00f6z\u00f6tti p\u00e1rbesz\u00e9d r\u00e9v\u00e9n.<\/p>\n<p><img loading=\"lazy\" decoding=\"async\" class=\"alignnone size-full wp-image-19127\" src=\"https:\/\/www.esterpartners.com\/wp-content\/uploads\/2021\/09\/13.jpg\" alt=\"\" width=\"2016\" height=\"1512\" srcset=\"https:\/\/www.esterpartners.com\/wp-content\/uploads\/2021\/09\/13.jpg 2016w, https:\/\/www.esterpartners.com\/wp-content\/uploads\/2021\/09\/13-300x225.jpg 300w, https:\/\/www.esterpartners.com\/wp-content\/uploads\/2021\/09\/13-1024x768.jpg 1024w, https:\/\/www.esterpartners.com\/wp-content\/uploads\/2021\/09\/13-768x576.jpg 768w, https:\/\/www.esterpartners.com\/wp-content\/uploads\/2021\/09\/13-1536x1152.jpg 1536w, https:\/\/www.esterpartners.com\/wp-content\/uploads\/2021\/09\/13-16x12.jpg 16w, https:\/\/www.esterpartners.com\/wp-content\/uploads\/2021\/09\/13-1200x900.jpg 1200w, https:\/\/www.esterpartners.com\/wp-content\/uploads\/2021\/09\/13-1980x1485.jpg 1980w\" sizes=\"(max-width: 2016px) 100vw, 2016px\" \/><\/p>\n<p>Nem utols\u00f3 sorban eml\u00edtem meg a Jungle elnevez\u00e9s\u0171 install\u00e1ci\u00f3t, mely Khaled El Mays munk\u00e1ja a sz\u00e9ps\u00e9g \u00e9s fenntarthat\u00f3s\u00e1g jegy\u00e9ben.<\/p>\n<p><img loading=\"lazy\" decoding=\"async\" class=\"alignnone size-full wp-image-19128\" src=\"https:\/\/www.esterpartners.com\/wp-content\/uploads\/2021\/09\/5-1-1.jpg\" alt=\"\" width=\"1856\" height=\"1392\" \/><\/p>\n<p>&nbsp;<\/p>","protected":false},"excerpt":{"rendered":"<p>Egy rendk\u00edv\u00fcli ki\u00e1ll\u00edt\u00e1s \u00faj koncepci\u00f3ba \u00f6lt\u00f6zve. A mil\u00e1n\u00f3i ismert \u00e9p\u00edt\u00e9sz \u00e9s v\u00e1rostervez\u0151, Stefano Boeri (t\u00f6bbek k\u00f6z\u00f6tt a F\u00fcgg\u0151kertek, a Giardini verticali \u00e9p\u00fclet tervez\u0151je) \u00f6tlete alapj\u00e1n val\u00f3sulhatott meg m\u00e1sf\u00e9l \u00e9v halaszt\u00e1s ut\u00e1n, a szok\u00e1sost\u00f3l elt\u00e9r\u0151 id\u0151pontban, szeptemberben megrendez\u00e9sre ker\u00fcl\u0151 b\u00fator- \u00e9s designki\u00e1ll\u00edt\u00e1s. Cikk\u00fcnkben Radn\u00f3czy Eszter bels\u0151\u00e9p\u00edt\u00e9sz mes\u00e9l az idei Milan Design Weekr\u0151l! A szervez\u0151k idei \u00f6tlete [&hellip;]<\/p>\n","protected":false},"author":2,"featured_media":0,"comment_status":"closed","ping_status":"closed","sticky":false,"template":"","format":"standard","meta":{"footnotes":""},"categories":[20],"tags":[24],"class_list":["post-19120","post","type-post","status-publish","format-standard","hentry","category-rolunk","tag-magyar"],"yoast_head":"<!-- This site is optimized with the Yoast SEO plugin v27.5 - https:\/\/yoast.com\/product\/yoast-seo-wordpress\/ -->\n<title>Sz\u00ednes \u00e9s b\u00e1tor: ilyen volt a Supersalone Mil\u00e1n\u00f3ban - esterpartners<\/title>\n<meta name=\"robots\" content=\"index, follow, max-snippet:-1, max-image-preview:large, max-video-preview:-1\" \/>\n<link rel=\"canonical\" href=\"https:\/\/www.esterpartners.com\/hu\/szines-es-bator-ilyen-volt-a-supersalone-milanoban\/\" \/>\n<meta property=\"og:locale\" content=\"hu_HU\" \/>\n<meta property=\"og:type\" content=\"article\" \/>\n<meta property=\"og:title\" content=\"Sz\u00ednes \u00e9s b\u00e1tor: ilyen volt a Supersalone Mil\u00e1n\u00f3ban - esterpartners\" \/>\n<meta property=\"og:description\" content=\"Egy rendk\u00edv\u00fcli ki\u00e1ll\u00edt\u00e1s \u00faj koncepci\u00f3ba \u00f6lt\u00f6zve. A mil\u00e1n\u00f3i ismert \u00e9p\u00edt\u00e9sz \u00e9s v\u00e1rostervez\u0151, Stefano Boeri (t\u00f6bbek k\u00f6z\u00f6tt a F\u00fcgg\u0151kertek, a Giardini verticali \u00e9p\u00fclet tervez\u0151je) \u00f6tlete alapj\u00e1n val\u00f3sulhatott meg m\u00e1sf\u00e9l \u00e9v halaszt\u00e1s ut\u00e1n, a szok\u00e1sost\u00f3l elt\u00e9r\u0151 id\u0151pontban, szeptemberben megrendez\u00e9sre ker\u00fcl\u0151 b\u00fator- \u00e9s designki\u00e1ll\u00edt\u00e1s. Cikk\u00fcnkben Radn\u00f3czy Eszter bels\u0151\u00e9p\u00edt\u00e9sz mes\u00e9l az idei Milan Design Weekr\u0151l! A szervez\u0151k idei \u00f6tlete [&hellip;]\" \/>\n<meta property=\"og:url\" content=\"https:\/\/www.esterpartners.com\/hu\/szines-es-bator-ilyen-volt-a-supersalone-milanoban\/\" \/>\n<meta property=\"og:site_name\" content=\"esterpartners\" \/>\n<meta property=\"article:publisher\" content=\"https:\/\/www.facebook.com\/esterpartners\" \/>\n<meta property=\"article:published_time\" content=\"2021-09-20T11:27:25+00:00\" \/>\n<meta property=\"article:modified_time\" content=\"2024-02-06T11:48:21+00:00\" \/>\n<meta property=\"og:image\" content=\"https:\/\/www.esterpartners.com\/wp-content\/uploads\/2021\/09\/5-1-1.jpg\" \/>\n\t<meta property=\"og:image:width\" content=\"1856\" \/>\n\t<meta property=\"og:image:height\" content=\"1392\" \/>\n\t<meta property=\"og:image:type\" content=\"image\/jpeg\" \/>\n<meta name=\"author\" content=\"Bianka B\u00e1n\u00f3czi\" \/>\n<meta name=\"twitter:card\" content=\"summary_large_image\" \/>\n<meta name=\"twitter:label1\" content=\"Szerz\u0151:\" \/>\n\t<meta name=\"twitter:data1\" content=\"Bianka B\u00e1n\u00f3czi\" \/>\n\t<meta name=\"twitter:label2\" content=\"Becs\u00fclt olvas\u00e1si id\u0151\" \/>\n\t<meta name=\"twitter:data2\" content=\"5 perc\" \/>\n<script type=\"application\/ld+json\" class=\"yoast-schema-graph\">{\"@context\":\"https:\\\/\\\/schema.org\",\"@graph\":[{\"@type\":\"Article\",\"@id\":\"https:\\\/\\\/www.esterpartners.com\\\/szines-es-bator-ilyen-volt-a-supersalone-milanoban\\\/#article\",\"isPartOf\":{\"@id\":\"https:\\\/\\\/www.esterpartners.com\\\/szines-es-bator-ilyen-volt-a-supersalone-milanoban\\\/\"},\"author\":{\"name\":\"Bianka B\u00e1n\u00f3czi\",\"@id\":\"https:\\\/\\\/www.esterpartners.com\\\/#\\\/schema\\\/person\\\/f066f933de7cf20b1c60605e6d9b9c22\"},\"headline\":\"Sz\u00ednes \u00e9s b\u00e1tor: ilyen volt a Supersalone Mil\u00e1n\u00f3ban\",\"datePublished\":\"2021-09-20T11:27:25+00:00\",\"dateModified\":\"2024-02-06T11:48:21+00:00\",\"mainEntityOfPage\":{\"@id\":\"https:\\\/\\\/www.esterpartners.com\\\/szines-es-bator-ilyen-volt-a-supersalone-milanoban\\\/\"},\"wordCount\":1059,\"publisher\":{\"@id\":\"https:\\\/\\\/www.esterpartners.com\\\/#organization\"},\"image\":{\"@id\":\"https:\\\/\\\/www.esterpartners.com\\\/szines-es-bator-ilyen-volt-a-supersalone-milanoban\\\/#primaryimage\"},\"thumbnailUrl\":\"https:\\\/\\\/www.esterpartners.com\\\/wp-content\\\/uploads\\\/2021\\\/09\\\/IMG_0066-scaled.jpg\",\"keywords\":[\"Magyar\"],\"articleSection\":[\"R\u00f3lunk\"],\"inLanguage\":\"hu\"},{\"@type\":\"WebPage\",\"@id\":\"https:\\\/\\\/www.esterpartners.com\\\/szines-es-bator-ilyen-volt-a-supersalone-milanoban\\\/\",\"url\":\"https:\\\/\\\/www.esterpartners.com\\\/szines-es-bator-ilyen-volt-a-supersalone-milanoban\\\/\",\"name\":\"Sz\u00ednes \u00e9s b\u00e1tor: ilyen volt a Supersalone Mil\u00e1n\u00f3ban - esterpartners\",\"isPartOf\":{\"@id\":\"https:\\\/\\\/www.esterpartners.com\\\/#website\"},\"primaryImageOfPage\":{\"@id\":\"https:\\\/\\\/www.esterpartners.com\\\/szines-es-bator-ilyen-volt-a-supersalone-milanoban\\\/#primaryimage\"},\"image\":{\"@id\":\"https:\\\/\\\/www.esterpartners.com\\\/szines-es-bator-ilyen-volt-a-supersalone-milanoban\\\/#primaryimage\"},\"thumbnailUrl\":\"https:\\\/\\\/www.esterpartners.com\\\/wp-content\\\/uploads\\\/2021\\\/09\\\/IMG_0066-scaled.jpg\",\"datePublished\":\"2021-09-20T11:27:25+00:00\",\"dateModified\":\"2024-02-06T11:48:21+00:00\",\"breadcrumb\":{\"@id\":\"https:\\\/\\\/www.esterpartners.com\\\/szines-es-bator-ilyen-volt-a-supersalone-milanoban\\\/#breadcrumb\"},\"inLanguage\":\"hu\",\"potentialAction\":[{\"@type\":\"ReadAction\",\"target\":[\"https:\\\/\\\/www.esterpartners.com\\\/szines-es-bator-ilyen-volt-a-supersalone-milanoban\\\/\"]}]},{\"@type\":\"ImageObject\",\"inLanguage\":\"hu\",\"@id\":\"https:\\\/\\\/www.esterpartners.com\\\/szines-es-bator-ilyen-volt-a-supersalone-milanoban\\\/#primaryimage\",\"url\":\"https:\\\/\\\/www.esterpartners.com\\\/wp-content\\\/uploads\\\/2021\\\/09\\\/IMG_0066-scaled.jpg\",\"contentUrl\":\"https:\\\/\\\/www.esterpartners.com\\\/wp-content\\\/uploads\\\/2021\\\/09\\\/IMG_0066-scaled.jpg\"},{\"@type\":\"BreadcrumbList\",\"@id\":\"https:\\\/\\\/www.esterpartners.com\\\/szines-es-bator-ilyen-volt-a-supersalone-milanoban\\\/#breadcrumb\",\"itemListElement\":[{\"@type\":\"ListItem\",\"position\":1,\"name\":\"Home\",\"item\":\"https:\\\/\\\/www.esterpartners.com\\\/\"},{\"@type\":\"ListItem\",\"position\":2,\"name\":\"Sz\u00ednes \u00e9s b\u00e1tor: ilyen volt a Supersalone Mil\u00e1n\u00f3ban\"}]},{\"@type\":\"WebSite\",\"@id\":\"https:\\\/\\\/www.esterpartners.com\\\/#website\",\"url\":\"https:\\\/\\\/www.esterpartners.com\\\/\",\"name\":\"esterpartners\",\"description\":\"interior architecture\",\"publisher\":{\"@id\":\"https:\\\/\\\/www.esterpartners.com\\\/#organization\"},\"potentialAction\":[{\"@type\":\"SearchAction\",\"target\":{\"@type\":\"EntryPoint\",\"urlTemplate\":\"https:\\\/\\\/www.esterpartners.com\\\/?s={search_term_string}\"},\"query-input\":{\"@type\":\"PropertyValueSpecification\",\"valueRequired\":true,\"valueName\":\"search_term_string\"}}],\"inLanguage\":\"hu\"},{\"@type\":\"Organization\",\"@id\":\"https:\\\/\\\/www.esterpartners.com\\\/#organization\",\"name\":\"esterpartners\",\"url\":\"https:\\\/\\\/www.esterpartners.com\\\/\",\"logo\":{\"@type\":\"ImageObject\",\"inLanguage\":\"hu\",\"@id\":\"https:\\\/\\\/www.esterpartners.com\\\/#\\\/schema\\\/logo\\\/image\\\/\",\"url\":\"https:\\\/\\\/www.esterpartners.com\\\/wp-content\\\/uploads\\\/2023\\\/04\\\/ESTERPARTNERS__logo_full_black.png\",\"contentUrl\":\"https:\\\/\\\/www.esterpartners.com\\\/wp-content\\\/uploads\\\/2023\\\/04\\\/ESTERPARTNERS__logo_full_black.png\",\"width\":2354,\"height\":911,\"caption\":\"esterpartners\"},\"image\":{\"@id\":\"https:\\\/\\\/www.esterpartners.com\\\/#\\\/schema\\\/logo\\\/image\\\/\"},\"sameAs\":[\"https:\\\/\\\/www.facebook.com\\\/esterpartners\"]},{\"@type\":\"Person\",\"@id\":\"https:\\\/\\\/www.esterpartners.com\\\/#\\\/schema\\\/person\\\/f066f933de7cf20b1c60605e6d9b9c22\",\"name\":\"Bianka B\u00e1n\u00f3czi\",\"image\":{\"@type\":\"ImageObject\",\"inLanguage\":\"hu\",\"@id\":\"https:\\\/\\\/secure.gravatar.com\\\/avatar\\\/9264f31ae429a9a0b09282a886d4f9b2c674bc58224aa8b7c6bdd5e30563493c?s=96&d=mm&r=g\",\"url\":\"https:\\\/\\\/secure.gravatar.com\\\/avatar\\\/9264f31ae429a9a0b09282a886d4f9b2c674bc58224aa8b7c6bdd5e30563493c?s=96&d=mm&r=g\",\"contentUrl\":\"https:\\\/\\\/secure.gravatar.com\\\/avatar\\\/9264f31ae429a9a0b09282a886d4f9b2c674bc58224aa8b7c6bdd5e30563493c?s=96&d=mm&r=g\",\"caption\":\"Bianka B\u00e1n\u00f3czi\"},\"url\":\"https:\\\/\\\/www.esterpartners.com\\\/hu\\\/author\\\/bianka\\\/\"}]}<\/script>\n<!-- \/ Yoast SEO plugin. -->","yoast_head_json":{"title":"Sz\u00ednes \u00e9s b\u00e1tor: ilyen volt a Supersalone Mil\u00e1n\u00f3ban - esterpartners","robots":{"index":"index","follow":"follow","max-snippet":"max-snippet:-1","max-image-preview":"max-image-preview:large","max-video-preview":"max-video-preview:-1"},"canonical":"https:\/\/www.esterpartners.com\/hu\/szines-es-bator-ilyen-volt-a-supersalone-milanoban\/","og_locale":"hu_HU","og_type":"article","og_title":"Sz\u00ednes \u00e9s b\u00e1tor: ilyen volt a Supersalone Mil\u00e1n\u00f3ban - esterpartners","og_description":"Egy rendk\u00edv\u00fcli ki\u00e1ll\u00edt\u00e1s \u00faj koncepci\u00f3ba \u00f6lt\u00f6zve. A mil\u00e1n\u00f3i ismert \u00e9p\u00edt\u00e9sz \u00e9s v\u00e1rostervez\u0151, Stefano Boeri (t\u00f6bbek k\u00f6z\u00f6tt a F\u00fcgg\u0151kertek, a Giardini verticali \u00e9p\u00fclet tervez\u0151je) \u00f6tlete alapj\u00e1n val\u00f3sulhatott meg m\u00e1sf\u00e9l \u00e9v halaszt\u00e1s ut\u00e1n, a szok\u00e1sost\u00f3l elt\u00e9r\u0151 id\u0151pontban, szeptemberben megrendez\u00e9sre ker\u00fcl\u0151 b\u00fator- \u00e9s designki\u00e1ll\u00edt\u00e1s. Cikk\u00fcnkben Radn\u00f3czy Eszter bels\u0151\u00e9p\u00edt\u00e9sz mes\u00e9l az idei Milan Design Weekr\u0151l! A szervez\u0151k idei \u00f6tlete [&hellip;]","og_url":"https:\/\/www.esterpartners.com\/hu\/szines-es-bator-ilyen-volt-a-supersalone-milanoban\/","og_site_name":"esterpartners","article_publisher":"https:\/\/www.facebook.com\/esterpartners","article_published_time":"2021-09-20T11:27:25+00:00","article_modified_time":"2024-02-06T11:48:21+00:00","og_image":[{"width":1856,"height":1392,"url":"https:\/\/www.esterpartners.com\/wp-content\/uploads\/2021\/09\/5-1-1.jpg","type":"image\/jpeg"}],"author":"Bianka B\u00e1n\u00f3czi","twitter_card":"summary_large_image","twitter_misc":{"Szerz\u0151:":"Bianka B\u00e1n\u00f3czi","Becs\u00fclt olvas\u00e1si id\u0151":"5 perc"},"schema":{"@context":"https:\/\/schema.org","@graph":[{"@type":"Article","@id":"https:\/\/www.esterpartners.com\/szines-es-bator-ilyen-volt-a-supersalone-milanoban\/#article","isPartOf":{"@id":"https:\/\/www.esterpartners.com\/szines-es-bator-ilyen-volt-a-supersalone-milanoban\/"},"author":{"name":"Bianka B\u00e1n\u00f3czi","@id":"https:\/\/www.esterpartners.com\/#\/schema\/person\/f066f933de7cf20b1c60605e6d9b9c22"},"headline":"Sz\u00ednes \u00e9s b\u00e1tor: ilyen volt a Supersalone Mil\u00e1n\u00f3ban","datePublished":"2021-09-20T11:27:25+00:00","dateModified":"2024-02-06T11:48:21+00:00","mainEntityOfPage":{"@id":"https:\/\/www.esterpartners.com\/szines-es-bator-ilyen-volt-a-supersalone-milanoban\/"},"wordCount":1059,"publisher":{"@id":"https:\/\/www.esterpartners.com\/#organization"},"image":{"@id":"https:\/\/www.esterpartners.com\/szines-es-bator-ilyen-volt-a-supersalone-milanoban\/#primaryimage"},"thumbnailUrl":"https:\/\/www.esterpartners.com\/wp-content\/uploads\/2021\/09\/IMG_0066-scaled.jpg","keywords":["Magyar"],"articleSection":["R\u00f3lunk"],"inLanguage":"hu"},{"@type":"WebPage","@id":"https:\/\/www.esterpartners.com\/szines-es-bator-ilyen-volt-a-supersalone-milanoban\/","url":"https:\/\/www.esterpartners.com\/szines-es-bator-ilyen-volt-a-supersalone-milanoban\/","name":"Sz\u00ednes \u00e9s b\u00e1tor: ilyen volt a Supersalone Mil\u00e1n\u00f3ban - esterpartners","isPartOf":{"@id":"https:\/\/www.esterpartners.com\/#website"},"primaryImageOfPage":{"@id":"https:\/\/www.esterpartners.com\/szines-es-bator-ilyen-volt-a-supersalone-milanoban\/#primaryimage"},"image":{"@id":"https:\/\/www.esterpartners.com\/szines-es-bator-ilyen-volt-a-supersalone-milanoban\/#primaryimage"},"thumbnailUrl":"https:\/\/www.esterpartners.com\/wp-content\/uploads\/2021\/09\/IMG_0066-scaled.jpg","datePublished":"2021-09-20T11:27:25+00:00","dateModified":"2024-02-06T11:48:21+00:00","breadcrumb":{"@id":"https:\/\/www.esterpartners.com\/szines-es-bator-ilyen-volt-a-supersalone-milanoban\/#breadcrumb"},"inLanguage":"hu","potentialAction":[{"@type":"ReadAction","target":["https:\/\/www.esterpartners.com\/szines-es-bator-ilyen-volt-a-supersalone-milanoban\/"]}]},{"@type":"ImageObject","inLanguage":"hu","@id":"https:\/\/www.esterpartners.com\/szines-es-bator-ilyen-volt-a-supersalone-milanoban\/#primaryimage","url":"https:\/\/www.esterpartners.com\/wp-content\/uploads\/2021\/09\/IMG_0066-scaled.jpg","contentUrl":"https:\/\/www.esterpartners.com\/wp-content\/uploads\/2021\/09\/IMG_0066-scaled.jpg"},{"@type":"BreadcrumbList","@id":"https:\/\/www.esterpartners.com\/szines-es-bator-ilyen-volt-a-supersalone-milanoban\/#breadcrumb","itemListElement":[{"@type":"ListItem","position":1,"name":"Home","item":"https:\/\/www.esterpartners.com\/"},{"@type":"ListItem","position":2,"name":"Sz\u00ednes \u00e9s b\u00e1tor: ilyen volt a Supersalone Mil\u00e1n\u00f3ban"}]},{"@type":"WebSite","@id":"https:\/\/www.esterpartners.com\/#website","url":"https:\/\/www.esterpartners.com\/","name":"esterpartners","description":"interior architecture","publisher":{"@id":"https:\/\/www.esterpartners.com\/#organization"},"potentialAction":[{"@type":"SearchAction","target":{"@type":"EntryPoint","urlTemplate":"https:\/\/www.esterpartners.com\/?s={search_term_string}"},"query-input":{"@type":"PropertyValueSpecification","valueRequired":true,"valueName":"search_term_string"}}],"inLanguage":"hu"},{"@type":"Organization","@id":"https:\/\/www.esterpartners.com\/#organization","name":"esterpartners","url":"https:\/\/www.esterpartners.com\/","logo":{"@type":"ImageObject","inLanguage":"hu","@id":"https:\/\/www.esterpartners.com\/#\/schema\/logo\/image\/","url":"https:\/\/www.esterpartners.com\/wp-content\/uploads\/2023\/04\/ESTERPARTNERS__logo_full_black.png","contentUrl":"https:\/\/www.esterpartners.com\/wp-content\/uploads\/2023\/04\/ESTERPARTNERS__logo_full_black.png","width":2354,"height":911,"caption":"esterpartners"},"image":{"@id":"https:\/\/www.esterpartners.com\/#\/schema\/logo\/image\/"},"sameAs":["https:\/\/www.facebook.com\/esterpartners"]},{"@type":"Person","@id":"https:\/\/www.esterpartners.com\/#\/schema\/person\/f066f933de7cf20b1c60605e6d9b9c22","name":"Bianka B\u00e1n\u00f3czi","image":{"@type":"ImageObject","inLanguage":"hu","@id":"https:\/\/secure.gravatar.com\/avatar\/9264f31ae429a9a0b09282a886d4f9b2c674bc58224aa8b7c6bdd5e30563493c?s=96&d=mm&r=g","url":"https:\/\/secure.gravatar.com\/avatar\/9264f31ae429a9a0b09282a886d4f9b2c674bc58224aa8b7c6bdd5e30563493c?s=96&d=mm&r=g","contentUrl":"https:\/\/secure.gravatar.com\/avatar\/9264f31ae429a9a0b09282a886d4f9b2c674bc58224aa8b7c6bdd5e30563493c?s=96&d=mm&r=g","caption":"Bianka B\u00e1n\u00f3czi"},"url":"https:\/\/www.esterpartners.com\/hu\/author\/bianka\/"}]}},"_links":{"self":[{"href":"https:\/\/www.esterpartners.com\/hu\/wp-json\/wp\/v2\/posts\/19120","targetHints":{"allow":["GET"]}}],"collection":[{"href":"https:\/\/www.esterpartners.com\/hu\/wp-json\/wp\/v2\/posts"}],"about":[{"href":"https:\/\/www.esterpartners.com\/hu\/wp-json\/wp\/v2\/types\/post"}],"author":[{"embeddable":true,"href":"https:\/\/www.esterpartners.com\/hu\/wp-json\/wp\/v2\/users\/2"}],"replies":[{"embeddable":true,"href":"https:\/\/www.esterpartners.com\/hu\/wp-json\/wp\/v2\/comments?post=19120"}],"version-history":[{"count":0,"href":"https:\/\/www.esterpartners.com\/hu\/wp-json\/wp\/v2\/posts\/19120\/revisions"}],"wp:attachment":[{"href":"https:\/\/www.esterpartners.com\/hu\/wp-json\/wp\/v2\/media?parent=19120"}],"wp:term":[{"taxonomy":"category","embeddable":true,"href":"https:\/\/www.esterpartners.com\/hu\/wp-json\/wp\/v2\/categories?post=19120"},{"taxonomy":"post_tag","embeddable":true,"href":"https:\/\/www.esterpartners.com\/hu\/wp-json\/wp\/v2\/tags?post=19120"}],"curies":[{"name":"wp","href":"https:\/\/api.w.org\/{rel}","templated":true}]}}