{"id":19189,"date":"2021-10-15T11:25:03","date_gmt":"2021-10-15T11:25:03","guid":{"rendered":"https:\/\/www.esterpartners.com\/?p=19189"},"modified":"2024-02-06T11:47:54","modified_gmt":"2024-02-06T11:47:54","slug":"muveszetrol-az-archikon-partnerekent-kepgaleriankban-a-villeroyboch-rendezvenye","status":"publish","type":"post","link":"https:\/\/www.esterpartners.com\/hu\/muveszetrol-az-archikon-partnerekent-kepgaleriankban-a-villeroyboch-rendezvenye\/","title":{"rendered":"M\u0171v\u00e9szetr\u0151l, az Archikon partnerek\u00e9nt: k\u00e9pgal\u00e9ri\u00e1nkban a Villeroy&#038;Boch rendezv\u00e9nye"},"content":{"rendered":"<p>Okt\u00f3ber 7-\u00e9n tartotta \u00e9ves tervez\u0151i rendezv\u00e9ny\u00e9t a Villeroy &amp; Boch: az esem\u00e9nyen a \u201eVilleroy &amp; Boch m\u00e1rka \u00e9s a m\u0171v\u00e9szet kapcsolata\u201d c\u00edmmel tartott el\u0151ad\u00e1st Nagy Csaba \u00e9p\u00edt\u00e9sz (Archikon) \u00e9s Radn\u00f3czy Eszter bels\u0151\u00e9p\u00edt\u00e9sz (este\u2019r partners) az Andr\u00e1ssy \u00fat 52. \u00e9p\u00fcl\u0151 sz\u00e1llod\u00e1j\u00e1r\u00f3l.<img fetchpriority=\"high\" decoding=\"async\" class=\"alignnone size-full wp-image-19190\" src=\"https:\/\/www.esterpartners.com\/wp-content\/uploads\/2021\/10\/01.jpg\" alt=\"\" width=\"1024\" height=\"937\" srcset=\"https:\/\/www.esterpartners.com\/wp-content\/uploads\/2021\/10\/01.jpg 1024w, https:\/\/www.esterpartners.com\/wp-content\/uploads\/2021\/10\/01-300x275.jpg 300w, https:\/\/www.esterpartners.com\/wp-content\/uploads\/2021\/10\/01-768x703.jpg 768w, https:\/\/www.esterpartners.com\/wp-content\/uploads\/2021\/10\/01-13x12.jpg 13w\" sizes=\"(max-width: 1024px) 100vw, 1024px\" \/><img decoding=\"async\" class=\"alignnone size-full wp-image-19191\" src=\"https:\/\/www.esterpartners.com\/wp-content\/uploads\/2021\/10\/02.jpg\" alt=\"\" width=\"1200\" height=\"800\" srcset=\"https:\/\/www.esterpartners.com\/wp-content\/uploads\/2021\/10\/02.jpg 1200w, https:\/\/www.esterpartners.com\/wp-content\/uploads\/2021\/10\/02-300x200.jpg 300w, https:\/\/www.esterpartners.com\/wp-content\/uploads\/2021\/10\/02-1024x683.jpg 1024w, https:\/\/www.esterpartners.com\/wp-content\/uploads\/2021\/10\/02-768x512.jpg 768w, https:\/\/www.esterpartners.com\/wp-content\/uploads\/2021\/10\/02-18x12.jpg 18w\" sizes=\"(max-width: 1200px) 100vw, 1200px\" \/><img decoding=\"async\" class=\"alignnone size-full wp-image-19192\" src=\"https:\/\/www.esterpartners.com\/wp-content\/uploads\/2021\/10\/20211007_190039_5184_net.jpg\" alt=\"\" width=\"1200\" height=\"800\" \/><\/p>\n<p>Az Andr\u00e1ssy \u00faton \u00e1ll\u00f3 neorenesz\u00e1nsz st\u00edlus\u00fa, \u00fagynevezett Haggenmacher-palota 1884-1886 k\u00f6z\u00f6tt \u00e9p\u00fclt, tervez\u0151je a P\u00e1risi Udvart is jegyz\u0151\u00a0<strong>Schmahl Henrik volt<\/strong>. Az \u00e9p\u00edttet\u0151 a sv\u00e1jci sz\u00e1rmaz\u00e1s\u00fa, de Magyarorsz\u00e1gon \u00e9l\u0151 sikeres\u00a0<strong>malomtulajdonos \u00e9s s\u00f6rgy\u00e1ros\u00a0<\/strong>Haggenmacher Henrik volt.<\/p>\n<p>A m\u0171eml\u00e9k\u00e9p\u00fcletben a jelenleg a befejez\u00e9shez k\u00f6zel\u00edt\u0151 fel\u00faj\u00edt\u00e1s ut\u00e1n egy\u00a0<strong>sz\u00e1zh\u00fasz szob\u00e1s, h\u00e1romcsillagos sz\u00e1lloda<\/strong><strong>\u00a0<\/strong>nyit majd meg. Az eredetileg a fels\u0151- \u00e9s k\u00f6z\u00e9poszt\u00e1ly 19. sz\u00e1zadi lak\u00e1sig\u00e9nyeire tervezett b\u00e9rpalot\u00e1ban meg\u00fajul a sz\u00e9les \u00e9s reprezentat\u00edv kapu m\u00f6g\u00f6tt h\u00faz\u00f3d\u00f3 bels\u0151 udvar, ahova eredetileg lovas kocsikkal hajtottak be, ez egy \u00fcvegtet\u0151vel fedett \u00e1triumos lobby \u00e9s reggeliztet\u0151 helyis\u00e9g lesz. Az \u00e9p\u00fclet k\u00f6rgangos megold\u00e1sa megmarad az eredeti burkolat\u00e1val.<\/p>\n<p>Az A52 sz\u00e1lloda szob\u00e1inak alapvet\u0151 karakter\u00e9t a piros-sz\u00fcrke, z\u00f6ld-sz\u00fcrke, k\u00e9k-sz\u00fcrke t\u00e9r adja majd, jellemz\u0151 a geometrikus form\u00e1k alkalmaz\u00e1sa \u00e9s a helyoptimaliz\u00e1ci\u00f3ra t\u00f6rekv\u0151 t\u00e9rszerkeszt\u00e9s. Az \u00e9p\u00fcletben megmaradtak olyan eredeti r\u00e9szletek is, mint a korabeli kandall\u00f3k \u00e9s t\u00f6lgyfa falburkolatok, ezek hamarosan a t\u00e1rgyal\u00f3k \u00e9s k\u00f6z\u00f6ss\u00e9gi terek sz\u00e9pen restaur\u00e1lt, k\u00fcl\u00f6nleges elemei lesznek.<\/p>\n<p>Mivel az \u00e9p\u00edtt\u00edt\u0151 Haggenmacher Henrik l\u00e1nya Dreher Jen\u0151vel k\u00f6t\u00f6tt h\u00e1zass\u00e1got, az akkori hazai k\u00e9t legnagyobb hazai s\u00f6rgy\u00e1ros csal\u00e1d \u00f6sszeolvadt. Erre reflekt\u00e1l a sz\u00e1lloda t\u00f6bb diz\u00e1jneleme is, a lobbyban egy lezser gipsz lovas szobor v\u00e1rja az \u00e9rkez\u0151ket, ami a Dreher S\u00f6rgy\u00e1r c\u00edmk\u00e9ivel lesz bevonva.<\/p>\n<p>A sz\u00e1lloda az Andr\u00e1ssy \u00faton, az Oktogonhoz k\u00f6zel tal\u00e1lhat\u00f3 \u00e9s t\u00f6bbnyire n\u00e9h\u00e1ny napos budapesti l\u00e1togat\u00e1sra \u00e9rkez\u0151 turist\u00e1kat vagy az \u00fczleti \u00e9let szerepl\u0151it v\u00e1rj\u00e1k majd a magyar vend\u00e9gek mellett. Az eleg\u00e1ns \u00e9p\u00fcletben a korabeli r\u00e9szletek \u00e9rt\u00e9kment\u00e9se \u00e9s az \u00e9p\u00fclet nagy\u00edv\u0171 \u00f6r\u00f6ks\u00e9g\u00e9nek tiszteletben tart\u00e1sa mellett az este\u2019r partners csapata \u00e1ltal megalkotott bels\u0151\u00e9p\u00edt\u00e9szeti koncepci\u00f3 sportos, laza \u00e9s humoros maradhatott.<img loading=\"lazy\" decoding=\"async\" class=\"alignnone size-full wp-image-19193\" src=\"https:\/\/www.esterpartners.com\/wp-content\/uploads\/2021\/10\/03-scaled.jpg\" alt=\"\" width=\"2560\" height=\"1983\" \/><img loading=\"lazy\" decoding=\"async\" class=\"alignnone size-full wp-image-19194\" src=\"https:\/\/www.esterpartners.com\/wp-content\/uploads\/2021\/10\/04.jpg\" alt=\"\" width=\"2000\" height=\"1388\" \/><img loading=\"lazy\" decoding=\"async\" class=\"alignnone size-full wp-image-19195\" src=\"https:\/\/www.esterpartners.com\/wp-content\/uploads\/2021\/10\/07.jpg\" alt=\"\" width=\"2000\" height=\"1372\" \/><img loading=\"lazy\" decoding=\"async\" class=\"alignnone size-full wp-image-19196\" src=\"https:\/\/www.esterpartners.com\/wp-content\/uploads\/2021\/10\/06.jpg\" alt=\"\" width=\"2000\" height=\"2000\" \/><img loading=\"lazy\" decoding=\"async\" class=\"alignnone size-full wp-image-19197\" src=\"https:\/\/www.esterpartners.com\/wp-content\/uploads\/2021\/10\/05.jpg\" alt=\"\" width=\"2000\" height=\"1718\" \/><img loading=\"lazy\" decoding=\"async\" class=\"alignnone size-full wp-image-19199\" src=\"https:\/\/www.esterpartners.com\/wp-content\/uploads\/2021\/10\/09.jpg\" alt=\"\" width=\"1920\" height=\"1282\" \/><img loading=\"lazy\" decoding=\"async\" class=\"alignnone size-full wp-image-19198\" src=\"https:\/\/www.esterpartners.com\/wp-content\/uploads\/2021\/10\/08.jpg\" alt=\"\" width=\"1920\" height=\"1282\" \/><\/p>","protected":false},"excerpt":{"rendered":"<p>Okt\u00f3ber 7-\u00e9n tartotta \u00e9ves tervez\u0151i rendezv\u00e9ny\u00e9t a Villeroy &amp; Boch: az esem\u00e9nyen a \u201eVilleroy &amp; Boch m\u00e1rka \u00e9s a m\u0171v\u00e9szet kapcsolata\u201d c\u00edmmel tartott el\u0151ad\u00e1st Nagy Csaba \u00e9p\u00edt\u00e9sz (Archikon) \u00e9s Radn\u00f3czy Eszter bels\u0151\u00e9p\u00edt\u00e9sz (este\u2019r partners) az Andr\u00e1ssy \u00fat 52. \u00e9p\u00fcl\u0151 sz\u00e1llod\u00e1j\u00e1r\u00f3l. Az Andr\u00e1ssy \u00faton \u00e1ll\u00f3 neorenesz\u00e1nsz st\u00edlus\u00fa, \u00fagynevezett Haggenmacher-palota 1884-1886 k\u00f6z\u00f6tt \u00e9p\u00fclt, tervez\u0151je a P\u00e1risi Udvart [&hellip;]<\/p>\n","protected":false},"author":2,"featured_media":0,"comment_status":"closed","ping_status":"closed","sticky":false,"template":"","format":"standard","meta":{"footnotes":""},"categories":[19],"tags":[24],"class_list":["post-19189","post","type-post","status-publish","format-standard","hentry","category-esemenyek","tag-magyar"],"yoast_head":"<!-- This site is optimized with the Yoast SEO plugin v27.5 - https:\/\/yoast.com\/product\/yoast-seo-wordpress\/ -->\n<title>M\u0171v\u00e9szetr\u0151l, az Archikon partnerek\u00e9nt: k\u00e9pgal\u00e9ri\u00e1nkban a Villeroy&amp;Boch rendezv\u00e9nye - esterpartners<\/title>\n<meta name=\"robots\" content=\"index, follow, max-snippet:-1, max-image-preview:large, max-video-preview:-1\" \/>\n<link rel=\"canonical\" href=\"https:\/\/www.esterpartners.com\/hu\/muveszetrol-az-archikon-partnerekent-kepgaleriankban-a-villeroyboch-rendezvenye\/\" \/>\n<meta property=\"og:locale\" content=\"hu_HU\" \/>\n<meta property=\"og:type\" content=\"article\" \/>\n<meta property=\"og:title\" content=\"M\u0171v\u00e9szetr\u0151l, az Archikon partnerek\u00e9nt: k\u00e9pgal\u00e9ri\u00e1nkban a Villeroy&amp;Boch rendezv\u00e9nye - esterpartners\" \/>\n<meta property=\"og:description\" content=\"Okt\u00f3ber 7-\u00e9n tartotta \u00e9ves tervez\u0151i rendezv\u00e9ny\u00e9t a Villeroy &amp; Boch: az esem\u00e9nyen a \u201eVilleroy &amp; Boch m\u00e1rka \u00e9s a m\u0171v\u00e9szet kapcsolata\u201d c\u00edmmel tartott el\u0151ad\u00e1st Nagy Csaba \u00e9p\u00edt\u00e9sz (Archikon) \u00e9s Radn\u00f3czy Eszter bels\u0151\u00e9p\u00edt\u00e9sz (este\u2019r partners) az Andr\u00e1ssy \u00fat 52. \u00e9p\u00fcl\u0151 sz\u00e1llod\u00e1j\u00e1r\u00f3l. Az Andr\u00e1ssy \u00faton \u00e1ll\u00f3 neorenesz\u00e1nsz st\u00edlus\u00fa, \u00fagynevezett Haggenmacher-palota 1884-1886 k\u00f6z\u00f6tt \u00e9p\u00fclt, tervez\u0151je a P\u00e1risi Udvart [&hellip;]\" \/>\n<meta property=\"og:url\" content=\"https:\/\/www.esterpartners.com\/hu\/muveszetrol-az-archikon-partnerekent-kepgaleriankban-a-villeroyboch-rendezvenye\/\" \/>\n<meta property=\"og:site_name\" content=\"esterpartners\" \/>\n<meta property=\"article:publisher\" content=\"https:\/\/www.facebook.com\/esterpartners\" \/>\n<meta property=\"article:published_time\" content=\"2021-10-15T11:25:03+00:00\" \/>\n<meta property=\"article:modified_time\" content=\"2024-02-06T11:47:54+00:00\" \/>\n<meta property=\"og:image\" content=\"https:\/\/www.esterpartners.com\/wp-content\/uploads\/2021\/10\/01.jpg\" \/>\n<meta name=\"author\" content=\"Bianka B\u00e1n\u00f3czi\" \/>\n<meta name=\"twitter:card\" content=\"summary_large_image\" \/>\n<meta name=\"twitter:label1\" content=\"Szerz\u0151:\" \/>\n\t<meta name=\"twitter:data1\" content=\"Bianka B\u00e1n\u00f3czi\" \/>\n\t<meta name=\"twitter:label2\" content=\"Becs\u00fclt olvas\u00e1si id\u0151\" \/>\n\t<meta name=\"twitter:data2\" content=\"4 perc\" \/>\n<script type=\"application\/ld+json\" class=\"yoast-schema-graph\">{\"@context\":\"https:\\\/\\\/schema.org\",\"@graph\":[{\"@type\":\"Article\",\"@id\":\"https:\\\/\\\/www.esterpartners.com\\\/muveszetrol-az-archikon-partnerekent-kepgaleriankban-a-villeroyboch-rendezvenye\\\/#article\",\"isPartOf\":{\"@id\":\"https:\\\/\\\/www.esterpartners.com\\\/muveszetrol-az-archikon-partnerekent-kepgaleriankban-a-villeroyboch-rendezvenye\\\/\"},\"author\":{\"name\":\"Bianka B\u00e1n\u00f3czi\",\"@id\":\"https:\\\/\\\/www.esterpartners.com\\\/#\\\/schema\\\/person\\\/f066f933de7cf20b1c60605e6d9b9c22\"},\"headline\":\"M\u0171v\u00e9szetr\u0151l, az Archikon partnerek\u00e9nt: k\u00e9pgal\u00e9ri\u00e1nkban a Villeroy&#038;Boch rendezv\u00e9nye\",\"datePublished\":\"2021-10-15T11:25:03+00:00\",\"dateModified\":\"2024-02-06T11:47:54+00:00\",\"mainEntityOfPage\":{\"@id\":\"https:\\\/\\\/www.esterpartners.com\\\/muveszetrol-az-archikon-partnerekent-kepgaleriankban-a-villeroyboch-rendezvenye\\\/\"},\"wordCount\":458,\"publisher\":{\"@id\":\"https:\\\/\\\/www.esterpartners.com\\\/#organization\"},\"image\":{\"@id\":\"https:\\\/\\\/www.esterpartners.com\\\/muveszetrol-az-archikon-partnerekent-kepgaleriankban-a-villeroyboch-rendezvenye\\\/#primaryimage\"},\"thumbnailUrl\":\"https:\\\/\\\/www.esterpartners.com\\\/wp-content\\\/uploads\\\/2021\\\/10\\\/01.jpg\",\"keywords\":[\"Magyar\"],\"articleSection\":[\"Esem\u00e9nyek\"],\"inLanguage\":\"hu\"},{\"@type\":\"WebPage\",\"@id\":\"https:\\\/\\\/www.esterpartners.com\\\/muveszetrol-az-archikon-partnerekent-kepgaleriankban-a-villeroyboch-rendezvenye\\\/\",\"url\":\"https:\\\/\\\/www.esterpartners.com\\\/muveszetrol-az-archikon-partnerekent-kepgaleriankban-a-villeroyboch-rendezvenye\\\/\",\"name\":\"M\u0171v\u00e9szetr\u0151l, az Archikon partnerek\u00e9nt: k\u00e9pgal\u00e9ri\u00e1nkban a Villeroy&Boch rendezv\u00e9nye - esterpartners\",\"isPartOf\":{\"@id\":\"https:\\\/\\\/www.esterpartners.com\\\/#website\"},\"primaryImageOfPage\":{\"@id\":\"https:\\\/\\\/www.esterpartners.com\\\/muveszetrol-az-archikon-partnerekent-kepgaleriankban-a-villeroyboch-rendezvenye\\\/#primaryimage\"},\"image\":{\"@id\":\"https:\\\/\\\/www.esterpartners.com\\\/muveszetrol-az-archikon-partnerekent-kepgaleriankban-a-villeroyboch-rendezvenye\\\/#primaryimage\"},\"thumbnailUrl\":\"https:\\\/\\\/www.esterpartners.com\\\/wp-content\\\/uploads\\\/2021\\\/10\\\/01.jpg\",\"datePublished\":\"2021-10-15T11:25:03+00:00\",\"dateModified\":\"2024-02-06T11:47:54+00:00\",\"breadcrumb\":{\"@id\":\"https:\\\/\\\/www.esterpartners.com\\\/muveszetrol-az-archikon-partnerekent-kepgaleriankban-a-villeroyboch-rendezvenye\\\/#breadcrumb\"},\"inLanguage\":\"hu\",\"potentialAction\":[{\"@type\":\"ReadAction\",\"target\":[\"https:\\\/\\\/www.esterpartners.com\\\/muveszetrol-az-archikon-partnerekent-kepgaleriankban-a-villeroyboch-rendezvenye\\\/\"]}]},{\"@type\":\"ImageObject\",\"inLanguage\":\"hu\",\"@id\":\"https:\\\/\\\/www.esterpartners.com\\\/muveszetrol-az-archikon-partnerekent-kepgaleriankban-a-villeroyboch-rendezvenye\\\/#primaryimage\",\"url\":\"https:\\\/\\\/www.esterpartners.com\\\/wp-content\\\/uploads\\\/2021\\\/10\\\/01.jpg\",\"contentUrl\":\"https:\\\/\\\/www.esterpartners.com\\\/wp-content\\\/uploads\\\/2021\\\/10\\\/01.jpg\"},{\"@type\":\"BreadcrumbList\",\"@id\":\"https:\\\/\\\/www.esterpartners.com\\\/muveszetrol-az-archikon-partnerekent-kepgaleriankban-a-villeroyboch-rendezvenye\\\/#breadcrumb\",\"itemListElement\":[{\"@type\":\"ListItem\",\"position\":1,\"name\":\"Home\",\"item\":\"https:\\\/\\\/www.esterpartners.com\\\/\"},{\"@type\":\"ListItem\",\"position\":2,\"name\":\"M\u0171v\u00e9szetr\u0151l, az Archikon partnerek\u00e9nt: k\u00e9pgal\u00e9ri\u00e1nkban a Villeroy&#038;Boch rendezv\u00e9nye\"}]},{\"@type\":\"WebSite\",\"@id\":\"https:\\\/\\\/www.esterpartners.com\\\/#website\",\"url\":\"https:\\\/\\\/www.esterpartners.com\\\/\",\"name\":\"esterpartners\",\"description\":\"interior architecture\",\"publisher\":{\"@id\":\"https:\\\/\\\/www.esterpartners.com\\\/#organization\"},\"potentialAction\":[{\"@type\":\"SearchAction\",\"target\":{\"@type\":\"EntryPoint\",\"urlTemplate\":\"https:\\\/\\\/www.esterpartners.com\\\/?s={search_term_string}\"},\"query-input\":{\"@type\":\"PropertyValueSpecification\",\"valueRequired\":true,\"valueName\":\"search_term_string\"}}],\"inLanguage\":\"hu\"},{\"@type\":\"Organization\",\"@id\":\"https:\\\/\\\/www.esterpartners.com\\\/#organization\",\"name\":\"esterpartners\",\"url\":\"https:\\\/\\\/www.esterpartners.com\\\/\",\"logo\":{\"@type\":\"ImageObject\",\"inLanguage\":\"hu\",\"@id\":\"https:\\\/\\\/www.esterpartners.com\\\/#\\\/schema\\\/logo\\\/image\\\/\",\"url\":\"https:\\\/\\\/www.esterpartners.com\\\/wp-content\\\/uploads\\\/2023\\\/04\\\/ESTERPARTNERS__logo_full_black.png\",\"contentUrl\":\"https:\\\/\\\/www.esterpartners.com\\\/wp-content\\\/uploads\\\/2023\\\/04\\\/ESTERPARTNERS__logo_full_black.png\",\"width\":2354,\"height\":911,\"caption\":\"esterpartners\"},\"image\":{\"@id\":\"https:\\\/\\\/www.esterpartners.com\\\/#\\\/schema\\\/logo\\\/image\\\/\"},\"sameAs\":[\"https:\\\/\\\/www.facebook.com\\\/esterpartners\"]},{\"@type\":\"Person\",\"@id\":\"https:\\\/\\\/www.esterpartners.com\\\/#\\\/schema\\\/person\\\/f066f933de7cf20b1c60605e6d9b9c22\",\"name\":\"Bianka B\u00e1n\u00f3czi\",\"image\":{\"@type\":\"ImageObject\",\"inLanguage\":\"hu\",\"@id\":\"https:\\\/\\\/secure.gravatar.com\\\/avatar\\\/9264f31ae429a9a0b09282a886d4f9b2c674bc58224aa8b7c6bdd5e30563493c?s=96&d=mm&r=g\",\"url\":\"https:\\\/\\\/secure.gravatar.com\\\/avatar\\\/9264f31ae429a9a0b09282a886d4f9b2c674bc58224aa8b7c6bdd5e30563493c?s=96&d=mm&r=g\",\"contentUrl\":\"https:\\\/\\\/secure.gravatar.com\\\/avatar\\\/9264f31ae429a9a0b09282a886d4f9b2c674bc58224aa8b7c6bdd5e30563493c?s=96&d=mm&r=g\",\"caption\":\"Bianka B\u00e1n\u00f3czi\"},\"url\":\"https:\\\/\\\/www.esterpartners.com\\\/hu\\\/author\\\/bianka\\\/\"}]}<\/script>\n<!-- \/ Yoast SEO plugin. -->","yoast_head_json":{"title":"M\u0171v\u00e9szetr\u0151l, az Archikon partnerek\u00e9nt: k\u00e9pgal\u00e9ri\u00e1nkban a Villeroy&Boch rendezv\u00e9nye - esterpartners","robots":{"index":"index","follow":"follow","max-snippet":"max-snippet:-1","max-image-preview":"max-image-preview:large","max-video-preview":"max-video-preview:-1"},"canonical":"https:\/\/www.esterpartners.com\/hu\/muveszetrol-az-archikon-partnerekent-kepgaleriankban-a-villeroyboch-rendezvenye\/","og_locale":"hu_HU","og_type":"article","og_title":"M\u0171v\u00e9szetr\u0151l, az Archikon partnerek\u00e9nt: k\u00e9pgal\u00e9ri\u00e1nkban a Villeroy&Boch rendezv\u00e9nye - esterpartners","og_description":"Okt\u00f3ber 7-\u00e9n tartotta \u00e9ves tervez\u0151i rendezv\u00e9ny\u00e9t a Villeroy &amp; Boch: az esem\u00e9nyen a \u201eVilleroy &amp; Boch m\u00e1rka \u00e9s a m\u0171v\u00e9szet kapcsolata\u201d c\u00edmmel tartott el\u0151ad\u00e1st Nagy Csaba \u00e9p\u00edt\u00e9sz (Archikon) \u00e9s Radn\u00f3czy Eszter bels\u0151\u00e9p\u00edt\u00e9sz (este\u2019r partners) az Andr\u00e1ssy \u00fat 52. \u00e9p\u00fcl\u0151 sz\u00e1llod\u00e1j\u00e1r\u00f3l. Az Andr\u00e1ssy \u00faton \u00e1ll\u00f3 neorenesz\u00e1nsz st\u00edlus\u00fa, \u00fagynevezett Haggenmacher-palota 1884-1886 k\u00f6z\u00f6tt \u00e9p\u00fclt, tervez\u0151je a P\u00e1risi Udvart [&hellip;]","og_url":"https:\/\/www.esterpartners.com\/hu\/muveszetrol-az-archikon-partnerekent-kepgaleriankban-a-villeroyboch-rendezvenye\/","og_site_name":"esterpartners","article_publisher":"https:\/\/www.facebook.com\/esterpartners","article_published_time":"2021-10-15T11:25:03+00:00","article_modified_time":"2024-02-06T11:47:54+00:00","og_image":[{"url":"https:\/\/www.esterpartners.com\/wp-content\/uploads\/2021\/10\/01.jpg","type":"","width":"","height":""}],"author":"Bianka B\u00e1n\u00f3czi","twitter_card":"summary_large_image","twitter_misc":{"Szerz\u0151:":"Bianka B\u00e1n\u00f3czi","Becs\u00fclt olvas\u00e1si id\u0151":"4 perc"},"schema":{"@context":"https:\/\/schema.org","@graph":[{"@type":"Article","@id":"https:\/\/www.esterpartners.com\/muveszetrol-az-archikon-partnerekent-kepgaleriankban-a-villeroyboch-rendezvenye\/#article","isPartOf":{"@id":"https:\/\/www.esterpartners.com\/muveszetrol-az-archikon-partnerekent-kepgaleriankban-a-villeroyboch-rendezvenye\/"},"author":{"name":"Bianka B\u00e1n\u00f3czi","@id":"https:\/\/www.esterpartners.com\/#\/schema\/person\/f066f933de7cf20b1c60605e6d9b9c22"},"headline":"M\u0171v\u00e9szetr\u0151l, az Archikon partnerek\u00e9nt: k\u00e9pgal\u00e9ri\u00e1nkban a Villeroy&#038;Boch rendezv\u00e9nye","datePublished":"2021-10-15T11:25:03+00:00","dateModified":"2024-02-06T11:47:54+00:00","mainEntityOfPage":{"@id":"https:\/\/www.esterpartners.com\/muveszetrol-az-archikon-partnerekent-kepgaleriankban-a-villeroyboch-rendezvenye\/"},"wordCount":458,"publisher":{"@id":"https:\/\/www.esterpartners.com\/#organization"},"image":{"@id":"https:\/\/www.esterpartners.com\/muveszetrol-az-archikon-partnerekent-kepgaleriankban-a-villeroyboch-rendezvenye\/#primaryimage"},"thumbnailUrl":"https:\/\/www.esterpartners.com\/wp-content\/uploads\/2021\/10\/01.jpg","keywords":["Magyar"],"articleSection":["Esem\u00e9nyek"],"inLanguage":"hu"},{"@type":"WebPage","@id":"https:\/\/www.esterpartners.com\/muveszetrol-az-archikon-partnerekent-kepgaleriankban-a-villeroyboch-rendezvenye\/","url":"https:\/\/www.esterpartners.com\/muveszetrol-az-archikon-partnerekent-kepgaleriankban-a-villeroyboch-rendezvenye\/","name":"M\u0171v\u00e9szetr\u0151l, az Archikon partnerek\u00e9nt: k\u00e9pgal\u00e9ri\u00e1nkban a Villeroy&Boch rendezv\u00e9nye - esterpartners","isPartOf":{"@id":"https:\/\/www.esterpartners.com\/#website"},"primaryImageOfPage":{"@id":"https:\/\/www.esterpartners.com\/muveszetrol-az-archikon-partnerekent-kepgaleriankban-a-villeroyboch-rendezvenye\/#primaryimage"},"image":{"@id":"https:\/\/www.esterpartners.com\/muveszetrol-az-archikon-partnerekent-kepgaleriankban-a-villeroyboch-rendezvenye\/#primaryimage"},"thumbnailUrl":"https:\/\/www.esterpartners.com\/wp-content\/uploads\/2021\/10\/01.jpg","datePublished":"2021-10-15T11:25:03+00:00","dateModified":"2024-02-06T11:47:54+00:00","breadcrumb":{"@id":"https:\/\/www.esterpartners.com\/muveszetrol-az-archikon-partnerekent-kepgaleriankban-a-villeroyboch-rendezvenye\/#breadcrumb"},"inLanguage":"hu","potentialAction":[{"@type":"ReadAction","target":["https:\/\/www.esterpartners.com\/muveszetrol-az-archikon-partnerekent-kepgaleriankban-a-villeroyboch-rendezvenye\/"]}]},{"@type":"ImageObject","inLanguage":"hu","@id":"https:\/\/www.esterpartners.com\/muveszetrol-az-archikon-partnerekent-kepgaleriankban-a-villeroyboch-rendezvenye\/#primaryimage","url":"https:\/\/www.esterpartners.com\/wp-content\/uploads\/2021\/10\/01.jpg","contentUrl":"https:\/\/www.esterpartners.com\/wp-content\/uploads\/2021\/10\/01.jpg"},{"@type":"BreadcrumbList","@id":"https:\/\/www.esterpartners.com\/muveszetrol-az-archikon-partnerekent-kepgaleriankban-a-villeroyboch-rendezvenye\/#breadcrumb","itemListElement":[{"@type":"ListItem","position":1,"name":"Home","item":"https:\/\/www.esterpartners.com\/"},{"@type":"ListItem","position":2,"name":"M\u0171v\u00e9szetr\u0151l, az Archikon partnerek\u00e9nt: k\u00e9pgal\u00e9ri\u00e1nkban a Villeroy&#038;Boch rendezv\u00e9nye"}]},{"@type":"WebSite","@id":"https:\/\/www.esterpartners.com\/#website","url":"https:\/\/www.esterpartners.com\/","name":"esterpartners","description":"interior architecture","publisher":{"@id":"https:\/\/www.esterpartners.com\/#organization"},"potentialAction":[{"@type":"SearchAction","target":{"@type":"EntryPoint","urlTemplate":"https:\/\/www.esterpartners.com\/?s={search_term_string}"},"query-input":{"@type":"PropertyValueSpecification","valueRequired":true,"valueName":"search_term_string"}}],"inLanguage":"hu"},{"@type":"Organization","@id":"https:\/\/www.esterpartners.com\/#organization","name":"esterpartners","url":"https:\/\/www.esterpartners.com\/","logo":{"@type":"ImageObject","inLanguage":"hu","@id":"https:\/\/www.esterpartners.com\/#\/schema\/logo\/image\/","url":"https:\/\/www.esterpartners.com\/wp-content\/uploads\/2023\/04\/ESTERPARTNERS__logo_full_black.png","contentUrl":"https:\/\/www.esterpartners.com\/wp-content\/uploads\/2023\/04\/ESTERPARTNERS__logo_full_black.png","width":2354,"height":911,"caption":"esterpartners"},"image":{"@id":"https:\/\/www.esterpartners.com\/#\/schema\/logo\/image\/"},"sameAs":["https:\/\/www.facebook.com\/esterpartners"]},{"@type":"Person","@id":"https:\/\/www.esterpartners.com\/#\/schema\/person\/f066f933de7cf20b1c60605e6d9b9c22","name":"Bianka B\u00e1n\u00f3czi","image":{"@type":"ImageObject","inLanguage":"hu","@id":"https:\/\/secure.gravatar.com\/avatar\/9264f31ae429a9a0b09282a886d4f9b2c674bc58224aa8b7c6bdd5e30563493c?s=96&d=mm&r=g","url":"https:\/\/secure.gravatar.com\/avatar\/9264f31ae429a9a0b09282a886d4f9b2c674bc58224aa8b7c6bdd5e30563493c?s=96&d=mm&r=g","contentUrl":"https:\/\/secure.gravatar.com\/avatar\/9264f31ae429a9a0b09282a886d4f9b2c674bc58224aa8b7c6bdd5e30563493c?s=96&d=mm&r=g","caption":"Bianka B\u00e1n\u00f3czi"},"url":"https:\/\/www.esterpartners.com\/hu\/author\/bianka\/"}]}},"_links":{"self":[{"href":"https:\/\/www.esterpartners.com\/hu\/wp-json\/wp\/v2\/posts\/19189","targetHints":{"allow":["GET"]}}],"collection":[{"href":"https:\/\/www.esterpartners.com\/hu\/wp-json\/wp\/v2\/posts"}],"about":[{"href":"https:\/\/www.esterpartners.com\/hu\/wp-json\/wp\/v2\/types\/post"}],"author":[{"embeddable":true,"href":"https:\/\/www.esterpartners.com\/hu\/wp-json\/wp\/v2\/users\/2"}],"replies":[{"embeddable":true,"href":"https:\/\/www.esterpartners.com\/hu\/wp-json\/wp\/v2\/comments?post=19189"}],"version-history":[{"count":0,"href":"https:\/\/www.esterpartners.com\/hu\/wp-json\/wp\/v2\/posts\/19189\/revisions"}],"wp:attachment":[{"href":"https:\/\/www.esterpartners.com\/hu\/wp-json\/wp\/v2\/media?parent=19189"}],"wp:term":[{"taxonomy":"category","embeddable":true,"href":"https:\/\/www.esterpartners.com\/hu\/wp-json\/wp\/v2\/categories?post=19189"},{"taxonomy":"post_tag","embeddable":true,"href":"https:\/\/www.esterpartners.com\/hu\/wp-json\/wp\/v2\/tags?post=19189"}],"curies":[{"name":"wp","href":"https:\/\/api.w.org\/{rel}","templated":true}]}}