{"id":20867,"date":"2022-05-23T13:29:48","date_gmt":"2022-05-23T13:29:48","guid":{"rendered":"https:\/\/www.esterpartners.com\/?p=20867"},"modified":"2024-02-06T11:50:13","modified_gmt":"2024-02-06T11:50:13","slug":"negy-dijat-nyert-a-nemzetkozi-epiteszeti-fesztivalon-az-ester-partners-tobbek-kozott-sajat-uj-showroomjuk-is-a-nyertesek-kozott-szerepelt","status":"publish","type":"post","link":"https:\/\/www.esterpartners.com\/hu\/negy-dijat-nyert-a-nemzetkozi-epiteszeti-fesztivalon-az-ester-partners-tobbek-kozott-sajat-uj-showroomjuk-is-a-nyertesek-kozott-szerepelt\/","title":{"rendered":"N\u00e9gy d\u00edjat nyert a nemzetk\u00f6zi \u00e9p\u00edt\u00e9szeti fesztiv\u00e1lon az este\u2019r partners \u2013 t\u00f6bbek k\u00f6z\u00f6tt saj\u00e1t, \u00faj showroomjuk is a nyertesek k\u00f6z\u00f6tt szerepelt"},"content":{"rendered":"<p>N\u00e9gy d\u00edjjal t\u00e9rt haza a nemzetk\u00f6zi \u00e9p\u00edt\u00e9szeti \u00e9s designfesztiv\u00e1lr\u00f3l, a BIG SEE-r\u0151l Radn\u00f3czy Eszter \u00e9s az este\u2019r partners bels\u0151\u00e9p\u00edt\u00e9sz iroda. A Ljubljan\u00e1ban rendezett esem\u00e9nyen az iroda t\u00f6bb munk\u00e1j\u00e1\u00e9rt kapott szakmai elismer\u00e9st: d\u00edjazott lett a martonv\u00e1s\u00e1ri Agroverzum, az Andr\u00e1ssy \u00fati Sfinx b\u00e1r (kor\u00e1bbi Minute b\u00e1r), az Emerald Residence \u00e9tterme \u00e9s saj\u00e1t showroomjuk, az Operah\u00e1z melletti Estorio. A j\u00e1rv\u00e1ny miatti k\u00e9t \u00e9v sz\u00fcnet ut\u00e1n el\u0151sz\u00f6r megtartott fesztiv\u00e1lon az idei helyezettek mellett \u00e1tadt\u00e1k az elm\u00falt \u00e9vek d\u00edjait is.<\/p>\n<p><img fetchpriority=\"high\" decoding=\"async\" class=\"alignnone size-full wp-image-20869\" src=\"https:\/\/www.esterpartners.com\/wp-content\/uploads\/2022\/05\/2.jpg\" alt=\"\" width=\"1386\" height=\"924\" srcset=\"https:\/\/www.esterpartners.com\/wp-content\/uploads\/2022\/05\/2.jpg 1386w, https:\/\/www.esterpartners.com\/wp-content\/uploads\/2022\/05\/2-300x200.jpg 300w, https:\/\/www.esterpartners.com\/wp-content\/uploads\/2022\/05\/2-1024x683.jpg 1024w, https:\/\/www.esterpartners.com\/wp-content\/uploads\/2022\/05\/2-768x512.jpg 768w, https:\/\/www.esterpartners.com\/wp-content\/uploads\/2022\/05\/2-18x12.jpg 18w, https:\/\/www.esterpartners.com\/wp-content\/uploads\/2022\/05\/2-1200x800.jpg 1200w\" sizes=\"(max-width: 1386px) 100vw, 1386px\" \/><\/p>\n<p>A d\u00edj\u00e1tad\u00f3t prezent\u00e1ci\u00f3s lehet\u0151s\u00e9g is k\u00eds\u00e9rte, \u00edgy a k\u00f6z\u00f6ns\u00e9g n\u00e9gy r\u00f6vid el\u0151ad\u00e1sban ismerhette meg a magyar iroda megval\u00f3sult bels\u0151\u00e9p\u00edt\u00e9szeti munk\u00e1it.<\/p>\n<p>\u201eA BigSEE nemcsak egy n\u00edv\u00f3s, Eur\u00f3pa-szerte ismert \u00e9p\u00edt\u00e9szeti fesztiv\u00e1ll\u00e1 n\u0151tte ki mag\u00e1t az elm\u00falt \u00e9vekben, hanem remek networking-lehet\u0151s\u00e9get is biztos\u00edtott. Nagy \u00f6r\u00f6m volt sz\u00e1munkra, hogy a magyar projektek bemutat\u00e1sa ut\u00e1n sz\u00e1mos k\u00fclf\u00f6ldi szakember \u00e9rdekl\u0151d\u00f6tt a munk\u00e1nk ir\u00e1nt, olasz \u00e9s szlov\u00e9n koll\u00e9g\u00e1inkkal m\u00e1r a helysz\u00ednen kellemes \u00f6sszhang alakult ki a besz\u00e9lget\u00e9sben. Szeretettel v\u00e1rjuk \u0151ket Budapesten!\u201d<\/p>\n<p><img decoding=\"async\" class=\"alignnone size-full wp-image-20868\" src=\"https:\/\/www.esterpartners.com\/wp-content\/uploads\/2022\/05\/1.jpg\" alt=\"\" width=\"1386\" height=\"924\" srcset=\"https:\/\/www.esterpartners.com\/wp-content\/uploads\/2022\/05\/1.jpg 1386w, https:\/\/www.esterpartners.com\/wp-content\/uploads\/2022\/05\/1-300x200.jpg 300w, https:\/\/www.esterpartners.com\/wp-content\/uploads\/2022\/05\/1-1024x683.jpg 1024w, https:\/\/www.esterpartners.com\/wp-content\/uploads\/2022\/05\/1-768x512.jpg 768w, https:\/\/www.esterpartners.com\/wp-content\/uploads\/2022\/05\/1-18x12.jpg 18w, https:\/\/www.esterpartners.com\/wp-content\/uploads\/2022\/05\/1-1200x800.jpg 1200w\" sizes=\"(max-width: 1386px) 100vw, 1386px\" \/><\/p>\n<p>Az este\u2019r partner d\u00edjazott munk\u00e1i (2020 \u00e9s 2021):<\/p>\n<p>MTV Agr\u00e1rtudom\u00e1nyi K\u00f6zpont L\u00e1togat\u00f3k\u00f6zpontja, Agroverzum, Martonv\u00e1s\u00e1r<\/p>\n<p><img decoding=\"async\" class=\"alignnone size-full wp-image-20870\" src=\"https:\/\/www.esterpartners.com\/wp-content\/uploads\/2022\/05\/3.jpg\" alt=\"\" width=\"1385\" height=\"925\" \/><\/p>\n<p><img loading=\"lazy\" decoding=\"async\" class=\"alignnone size-full wp-image-20871\" src=\"https:\/\/www.esterpartners.com\/wp-content\/uploads\/2022\/05\/4.jpg\" alt=\"\" width=\"1385\" height=\"925\" \/><\/p>\n<p>Sfinx b\u00e1r, Budapest<\/p>\n<p><img loading=\"lazy\" decoding=\"async\" class=\"alignnone size-full wp-image-20872\" src=\"https:\/\/www.esterpartners.com\/wp-content\/uploads\/2022\/05\/5.jpg\" alt=\"\" width=\"1920\" height=\"1212\" \/><\/p>\n<p><img loading=\"lazy\" decoding=\"async\" class=\"alignnone size-full wp-image-20873\" src=\"https:\/\/www.esterpartners.com\/wp-content\/uploads\/2022\/05\/6.jpg\" alt=\"\" width=\"1920\" height=\"1212\" \/>Emerald Residence Restaurant, Budapest<img loading=\"lazy\" decoding=\"async\" class=\"alignnone size-full wp-image-20874\" src=\"https:\/\/www.esterpartners.com\/wp-content\/uploads\/2022\/05\/7.jpg\" alt=\"\" width=\"1385\" height=\"923\" srcset=\"https:\/\/www.esterpartners.com\/wp-content\/uploads\/2022\/05\/7.jpg 1385w, https:\/\/www.esterpartners.com\/wp-content\/uploads\/2022\/05\/7-300x200.jpg 300w, https:\/\/www.esterpartners.com\/wp-content\/uploads\/2022\/05\/7-1024x682.jpg 1024w, https:\/\/www.esterpartners.com\/wp-content\/uploads\/2022\/05\/7-768x512.jpg 768w, https:\/\/www.esterpartners.com\/wp-content\/uploads\/2022\/05\/7-18x12.jpg 18w, https:\/\/www.esterpartners.com\/wp-content\/uploads\/2022\/05\/7-1200x800.jpg 1200w\" sizes=\"(max-width: 1385px) 100vw, 1385px\" \/><\/p>\n<p><img loading=\"lazy\" decoding=\"async\" class=\"alignnone size-full wp-image-20875\" src=\"https:\/\/www.esterpartners.com\/wp-content\/uploads\/2022\/05\/8.jpg\" alt=\"\" width=\"1385\" height=\"923\" \/><\/p>\n<p>Estorio showflat, Budapest<\/p>\n<p><img loading=\"lazy\" decoding=\"async\" class=\"alignnone size-full wp-image-20876\" src=\"https:\/\/www.esterpartners.com\/wp-content\/uploads\/2022\/05\/9.jpg\" alt=\"\" width=\"1385\" height=\"1187\" srcset=\"https:\/\/www.esterpartners.com\/wp-content\/uploads\/2022\/05\/9.jpg 1385w, https:\/\/www.esterpartners.com\/wp-content\/uploads\/2022\/05\/9-300x257.jpg 300w, https:\/\/www.esterpartners.com\/wp-content\/uploads\/2022\/05\/9-1024x878.jpg 1024w, https:\/\/www.esterpartners.com\/wp-content\/uploads\/2022\/05\/9-768x658.jpg 768w, https:\/\/www.esterpartners.com\/wp-content\/uploads\/2022\/05\/9-14x12.jpg 14w, https:\/\/www.esterpartners.com\/wp-content\/uploads\/2022\/05\/9-1200x1028.jpg 1200w\" sizes=\"(max-width: 1385px) 100vw, 1385px\" \/><\/p>\n<p><img loading=\"lazy\" decoding=\"async\" class=\"alignnone size-full wp-image-20877\" src=\"https:\/\/www.esterpartners.com\/wp-content\/uploads\/2022\/05\/10.jpg\" alt=\"\" width=\"1385\" height=\"923\" srcset=\"https:\/\/www.esterpartners.com\/wp-content\/uploads\/2022\/05\/10.jpg 1385w, https:\/\/www.esterpartners.com\/wp-content\/uploads\/2022\/05\/10-300x200.jpg 300w, https:\/\/www.esterpartners.com\/wp-content\/uploads\/2022\/05\/10-1024x682.jpg 1024w, https:\/\/www.esterpartners.com\/wp-content\/uploads\/2022\/05\/10-768x512.jpg 768w, https:\/\/www.esterpartners.com\/wp-content\/uploads\/2022\/05\/10-18x12.jpg 18w, https:\/\/www.esterpartners.com\/wp-content\/uploads\/2022\/05\/10-1200x800.jpg 1200w\" sizes=\"(max-width: 1385px) 100vw, 1385px\" \/><\/p>","protected":false},"excerpt":{"rendered":"<p>N\u00e9gy d\u00edjjal t\u00e9rt haza a nemzetk\u00f6zi \u00e9p\u00edt\u00e9szeti \u00e9s designfesztiv\u00e1lr\u00f3l, a BIG SEE-r\u0151l Radn\u00f3czy Eszter \u00e9s az este\u2019r partners bels\u0151\u00e9p\u00edt\u00e9sz iroda. A Ljubljan\u00e1ban rendezett esem\u00e9nyen az iroda t\u00f6bb munk\u00e1j\u00e1\u00e9rt kapott szakmai elismer\u00e9st: d\u00edjazott lett a martonv\u00e1s\u00e1ri Agroverzum, az Andr\u00e1ssy \u00fati Sfinx b\u00e1r (kor\u00e1bbi Minute b\u00e1r), az Emerald Residence \u00e9tterme \u00e9s saj\u00e1t showroomjuk, az Operah\u00e1z melletti Estorio. [&hellip;]<\/p>\n","protected":false},"author":2,"featured_media":20868,"comment_status":"closed","ping_status":"closed","sticky":false,"template":"","format":"standard","meta":{"footnotes":""},"categories":[19],"tags":[24],"class_list":["post-20867","post","type-post","status-publish","format-standard","has-post-thumbnail","hentry","category-esemenyek","tag-magyar"],"yoast_head":"<!-- This site is optimized with the Yoast SEO plugin v27.5 - https:\/\/yoast.com\/product\/yoast-seo-wordpress\/ -->\n<title>N\u00e9gy d\u00edjat nyert a nemzetk\u00f6zi \u00e9p\u00edt\u00e9szeti fesztiv\u00e1lon az este\u2019r partners \u2013 t\u00f6bbek k\u00f6z\u00f6tt saj\u00e1t, \u00faj showroomjuk is a nyertesek k\u00f6z\u00f6tt szerepelt - esterpartners<\/title>\n<meta name=\"robots\" content=\"index, follow, max-snippet:-1, max-image-preview:large, max-video-preview:-1\" \/>\n<link rel=\"canonical\" href=\"https:\/\/www.esterpartners.com\/hu\/negy-dijat-nyert-a-nemzetkozi-epiteszeti-fesztivalon-az-ester-partners-tobbek-kozott-sajat-uj-showroomjuk-is-a-nyertesek-kozott-szerepelt\/\" \/>\n<meta property=\"og:locale\" content=\"hu_HU\" \/>\n<meta property=\"og:type\" content=\"article\" \/>\n<meta property=\"og:title\" content=\"N\u00e9gy d\u00edjat nyert a nemzetk\u00f6zi \u00e9p\u00edt\u00e9szeti fesztiv\u00e1lon az este\u2019r partners \u2013 t\u00f6bbek k\u00f6z\u00f6tt saj\u00e1t, \u00faj showroomjuk is a nyertesek k\u00f6z\u00f6tt szerepelt - esterpartners\" \/>\n<meta property=\"og:description\" content=\"N\u00e9gy d\u00edjjal t\u00e9rt haza a nemzetk\u00f6zi \u00e9p\u00edt\u00e9szeti \u00e9s designfesztiv\u00e1lr\u00f3l, a BIG SEE-r\u0151l Radn\u00f3czy Eszter \u00e9s az este\u2019r partners bels\u0151\u00e9p\u00edt\u00e9sz iroda. A Ljubljan\u00e1ban rendezett esem\u00e9nyen az iroda t\u00f6bb munk\u00e1j\u00e1\u00e9rt kapott szakmai elismer\u00e9st: d\u00edjazott lett a martonv\u00e1s\u00e1ri Agroverzum, az Andr\u00e1ssy \u00fati Sfinx b\u00e1r (kor\u00e1bbi Minute b\u00e1r), az Emerald Residence \u00e9tterme \u00e9s saj\u00e1t showroomjuk, az Operah\u00e1z melletti Estorio. [&hellip;]\" \/>\n<meta property=\"og:url\" content=\"https:\/\/www.esterpartners.com\/hu\/negy-dijat-nyert-a-nemzetkozi-epiteszeti-fesztivalon-az-ester-partners-tobbek-kozott-sajat-uj-showroomjuk-is-a-nyertesek-kozott-szerepelt\/\" \/>\n<meta property=\"og:site_name\" content=\"esterpartners\" \/>\n<meta property=\"article:publisher\" content=\"https:\/\/www.facebook.com\/esterpartners\" \/>\n<meta property=\"article:published_time\" content=\"2022-05-23T13:29:48+00:00\" \/>\n<meta property=\"article:modified_time\" content=\"2024-02-06T11:50:13+00:00\" \/>\n<meta property=\"og:image\" content=\"https:\/\/www.esterpartners.com\/wp-content\/uploads\/2022\/05\/1.jpg\" \/>\n\t<meta property=\"og:image:width\" content=\"1386\" \/>\n\t<meta property=\"og:image:height\" content=\"924\" \/>\n\t<meta property=\"og:image:type\" content=\"image\/jpeg\" \/>\n<meta name=\"author\" content=\"Bianka B\u00e1n\u00f3czi\" \/>\n<meta name=\"twitter:card\" content=\"summary_large_image\" \/>\n<meta name=\"twitter:label1\" content=\"Szerz\u0151:\" \/>\n\t<meta name=\"twitter:data1\" content=\"Bianka B\u00e1n\u00f3czi\" \/>\n\t<meta name=\"twitter:label2\" content=\"Becs\u00fclt olvas\u00e1si id\u0151\" \/>\n\t<meta name=\"twitter:data2\" content=\"3 perc\" \/>\n<script type=\"application\/ld+json\" class=\"yoast-schema-graph\">{\"@context\":\"https:\\\/\\\/schema.org\",\"@graph\":[{\"@type\":\"Article\",\"@id\":\"https:\\\/\\\/www.esterpartners.com\\\/negy-dijat-nyert-a-nemzetkozi-epiteszeti-fesztivalon-az-ester-partners-tobbek-kozott-sajat-uj-showroomjuk-is-a-nyertesek-kozott-szerepelt\\\/#article\",\"isPartOf\":{\"@id\":\"https:\\\/\\\/www.esterpartners.com\\\/negy-dijat-nyert-a-nemzetkozi-epiteszeti-fesztivalon-az-ester-partners-tobbek-kozott-sajat-uj-showroomjuk-is-a-nyertesek-kozott-szerepelt\\\/\"},\"author\":{\"name\":\"Bianka B\u00e1n\u00f3czi\",\"@id\":\"https:\\\/\\\/www.esterpartners.com\\\/#\\\/schema\\\/person\\\/f066f933de7cf20b1c60605e6d9b9c22\"},\"headline\":\"N\u00e9gy d\u00edjat nyert a nemzetk\u00f6zi \u00e9p\u00edt\u00e9szeti fesztiv\u00e1lon az este\u2019r partners \u2013 t\u00f6bbek k\u00f6z\u00f6tt saj\u00e1t, \u00faj showroomjuk is a nyertesek k\u00f6z\u00f6tt szerepelt\",\"datePublished\":\"2022-05-23T13:29:48+00:00\",\"dateModified\":\"2024-02-06T11:50:13+00:00\",\"mainEntityOfPage\":{\"@id\":\"https:\\\/\\\/www.esterpartners.com\\\/negy-dijat-nyert-a-nemzetkozi-epiteszeti-fesztivalon-az-ester-partners-tobbek-kozott-sajat-uj-showroomjuk-is-a-nyertesek-kozott-szerepelt\\\/\"},\"wordCount\":308,\"publisher\":{\"@id\":\"https:\\\/\\\/www.esterpartners.com\\\/#organization\"},\"image\":{\"@id\":\"https:\\\/\\\/www.esterpartners.com\\\/negy-dijat-nyert-a-nemzetkozi-epiteszeti-fesztivalon-az-ester-partners-tobbek-kozott-sajat-uj-showroomjuk-is-a-nyertesek-kozott-szerepelt\\\/#primaryimage\"},\"thumbnailUrl\":\"https:\\\/\\\/www.esterpartners.com\\\/wp-content\\\/uploads\\\/2022\\\/05\\\/1.jpg\",\"keywords\":[\"Magyar\"],\"articleSection\":[\"Esem\u00e9nyek\"],\"inLanguage\":\"hu\"},{\"@type\":\"WebPage\",\"@id\":\"https:\\\/\\\/www.esterpartners.com\\\/negy-dijat-nyert-a-nemzetkozi-epiteszeti-fesztivalon-az-ester-partners-tobbek-kozott-sajat-uj-showroomjuk-is-a-nyertesek-kozott-szerepelt\\\/\",\"url\":\"https:\\\/\\\/www.esterpartners.com\\\/negy-dijat-nyert-a-nemzetkozi-epiteszeti-fesztivalon-az-ester-partners-tobbek-kozott-sajat-uj-showroomjuk-is-a-nyertesek-kozott-szerepelt\\\/\",\"name\":\"N\u00e9gy d\u00edjat nyert a nemzetk\u00f6zi \u00e9p\u00edt\u00e9szeti fesztiv\u00e1lon az este\u2019r partners \u2013 t\u00f6bbek k\u00f6z\u00f6tt saj\u00e1t, \u00faj showroomjuk is a nyertesek k\u00f6z\u00f6tt szerepelt - esterpartners\",\"isPartOf\":{\"@id\":\"https:\\\/\\\/www.esterpartners.com\\\/#website\"},\"primaryImageOfPage\":{\"@id\":\"https:\\\/\\\/www.esterpartners.com\\\/negy-dijat-nyert-a-nemzetkozi-epiteszeti-fesztivalon-az-ester-partners-tobbek-kozott-sajat-uj-showroomjuk-is-a-nyertesek-kozott-szerepelt\\\/#primaryimage\"},\"image\":{\"@id\":\"https:\\\/\\\/www.esterpartners.com\\\/negy-dijat-nyert-a-nemzetkozi-epiteszeti-fesztivalon-az-ester-partners-tobbek-kozott-sajat-uj-showroomjuk-is-a-nyertesek-kozott-szerepelt\\\/#primaryimage\"},\"thumbnailUrl\":\"https:\\\/\\\/www.esterpartners.com\\\/wp-content\\\/uploads\\\/2022\\\/05\\\/1.jpg\",\"datePublished\":\"2022-05-23T13:29:48+00:00\",\"dateModified\":\"2024-02-06T11:50:13+00:00\",\"breadcrumb\":{\"@id\":\"https:\\\/\\\/www.esterpartners.com\\\/negy-dijat-nyert-a-nemzetkozi-epiteszeti-fesztivalon-az-ester-partners-tobbek-kozott-sajat-uj-showroomjuk-is-a-nyertesek-kozott-szerepelt\\\/#breadcrumb\"},\"inLanguage\":\"hu\",\"potentialAction\":[{\"@type\":\"ReadAction\",\"target\":[\"https:\\\/\\\/www.esterpartners.com\\\/negy-dijat-nyert-a-nemzetkozi-epiteszeti-fesztivalon-az-ester-partners-tobbek-kozott-sajat-uj-showroomjuk-is-a-nyertesek-kozott-szerepelt\\\/\"]}]},{\"@type\":\"ImageObject\",\"inLanguage\":\"hu\",\"@id\":\"https:\\\/\\\/www.esterpartners.com\\\/negy-dijat-nyert-a-nemzetkozi-epiteszeti-fesztivalon-az-ester-partners-tobbek-kozott-sajat-uj-showroomjuk-is-a-nyertesek-kozott-szerepelt\\\/#primaryimage\",\"url\":\"https:\\\/\\\/www.esterpartners.com\\\/wp-content\\\/uploads\\\/2022\\\/05\\\/1.jpg\",\"contentUrl\":\"https:\\\/\\\/www.esterpartners.com\\\/wp-content\\\/uploads\\\/2022\\\/05\\\/1.jpg\",\"width\":1386,\"height\":924},{\"@type\":\"BreadcrumbList\",\"@id\":\"https:\\\/\\\/www.esterpartners.com\\\/negy-dijat-nyert-a-nemzetkozi-epiteszeti-fesztivalon-az-ester-partners-tobbek-kozott-sajat-uj-showroomjuk-is-a-nyertesek-kozott-szerepelt\\\/#breadcrumb\",\"itemListElement\":[{\"@type\":\"ListItem\",\"position\":1,\"name\":\"Home\",\"item\":\"https:\\\/\\\/www.esterpartners.com\\\/\"},{\"@type\":\"ListItem\",\"position\":2,\"name\":\"N\u00e9gy d\u00edjat nyert a nemzetk\u00f6zi \u00e9p\u00edt\u00e9szeti fesztiv\u00e1lon az este\u2019r partners \u2013 t\u00f6bbek k\u00f6z\u00f6tt saj\u00e1t, \u00faj showroomjuk is a nyertesek k\u00f6z\u00f6tt szerepelt\"}]},{\"@type\":\"WebSite\",\"@id\":\"https:\\\/\\\/www.esterpartners.com\\\/#website\",\"url\":\"https:\\\/\\\/www.esterpartners.com\\\/\",\"name\":\"esterpartners\",\"description\":\"interior architecture\",\"publisher\":{\"@id\":\"https:\\\/\\\/www.esterpartners.com\\\/#organization\"},\"potentialAction\":[{\"@type\":\"SearchAction\",\"target\":{\"@type\":\"EntryPoint\",\"urlTemplate\":\"https:\\\/\\\/www.esterpartners.com\\\/?s={search_term_string}\"},\"query-input\":{\"@type\":\"PropertyValueSpecification\",\"valueRequired\":true,\"valueName\":\"search_term_string\"}}],\"inLanguage\":\"hu\"},{\"@type\":\"Organization\",\"@id\":\"https:\\\/\\\/www.esterpartners.com\\\/#organization\",\"name\":\"esterpartners\",\"url\":\"https:\\\/\\\/www.esterpartners.com\\\/\",\"logo\":{\"@type\":\"ImageObject\",\"inLanguage\":\"hu\",\"@id\":\"https:\\\/\\\/www.esterpartners.com\\\/#\\\/schema\\\/logo\\\/image\\\/\",\"url\":\"https:\\\/\\\/www.esterpartners.com\\\/wp-content\\\/uploads\\\/2023\\\/04\\\/ESTERPARTNERS__logo_full_black.png\",\"contentUrl\":\"https:\\\/\\\/www.esterpartners.com\\\/wp-content\\\/uploads\\\/2023\\\/04\\\/ESTERPARTNERS__logo_full_black.png\",\"width\":2354,\"height\":911,\"caption\":\"esterpartners\"},\"image\":{\"@id\":\"https:\\\/\\\/www.esterpartners.com\\\/#\\\/schema\\\/logo\\\/image\\\/\"},\"sameAs\":[\"https:\\\/\\\/www.facebook.com\\\/esterpartners\"]},{\"@type\":\"Person\",\"@id\":\"https:\\\/\\\/www.esterpartners.com\\\/#\\\/schema\\\/person\\\/f066f933de7cf20b1c60605e6d9b9c22\",\"name\":\"Bianka B\u00e1n\u00f3czi\",\"image\":{\"@type\":\"ImageObject\",\"inLanguage\":\"hu\",\"@id\":\"https:\\\/\\\/secure.gravatar.com\\\/avatar\\\/9264f31ae429a9a0b09282a886d4f9b2c674bc58224aa8b7c6bdd5e30563493c?s=96&d=mm&r=g\",\"url\":\"https:\\\/\\\/secure.gravatar.com\\\/avatar\\\/9264f31ae429a9a0b09282a886d4f9b2c674bc58224aa8b7c6bdd5e30563493c?s=96&d=mm&r=g\",\"contentUrl\":\"https:\\\/\\\/secure.gravatar.com\\\/avatar\\\/9264f31ae429a9a0b09282a886d4f9b2c674bc58224aa8b7c6bdd5e30563493c?s=96&d=mm&r=g\",\"caption\":\"Bianka B\u00e1n\u00f3czi\"},\"url\":\"https:\\\/\\\/www.esterpartners.com\\\/hu\\\/author\\\/bianka\\\/\"}]}<\/script>\n<!-- \/ Yoast SEO plugin. -->","yoast_head_json":{"title":"N\u00e9gy d\u00edjat nyert a nemzetk\u00f6zi \u00e9p\u00edt\u00e9szeti fesztiv\u00e1lon az este\u2019r partners \u2013 t\u00f6bbek k\u00f6z\u00f6tt saj\u00e1t, \u00faj showroomjuk is a nyertesek k\u00f6z\u00f6tt szerepelt - esterpartners","robots":{"index":"index","follow":"follow","max-snippet":"max-snippet:-1","max-image-preview":"max-image-preview:large","max-video-preview":"max-video-preview:-1"},"canonical":"https:\/\/www.esterpartners.com\/hu\/negy-dijat-nyert-a-nemzetkozi-epiteszeti-fesztivalon-az-ester-partners-tobbek-kozott-sajat-uj-showroomjuk-is-a-nyertesek-kozott-szerepelt\/","og_locale":"hu_HU","og_type":"article","og_title":"N\u00e9gy d\u00edjat nyert a nemzetk\u00f6zi \u00e9p\u00edt\u00e9szeti fesztiv\u00e1lon az este\u2019r partners \u2013 t\u00f6bbek k\u00f6z\u00f6tt saj\u00e1t, \u00faj showroomjuk is a nyertesek k\u00f6z\u00f6tt szerepelt - esterpartners","og_description":"N\u00e9gy d\u00edjjal t\u00e9rt haza a nemzetk\u00f6zi \u00e9p\u00edt\u00e9szeti \u00e9s designfesztiv\u00e1lr\u00f3l, a BIG SEE-r\u0151l Radn\u00f3czy Eszter \u00e9s az este\u2019r partners bels\u0151\u00e9p\u00edt\u00e9sz iroda. A Ljubljan\u00e1ban rendezett esem\u00e9nyen az iroda t\u00f6bb munk\u00e1j\u00e1\u00e9rt kapott szakmai elismer\u00e9st: d\u00edjazott lett a martonv\u00e1s\u00e1ri Agroverzum, az Andr\u00e1ssy \u00fati Sfinx b\u00e1r (kor\u00e1bbi Minute b\u00e1r), az Emerald Residence \u00e9tterme \u00e9s saj\u00e1t showroomjuk, az Operah\u00e1z melletti Estorio. [&hellip;]","og_url":"https:\/\/www.esterpartners.com\/hu\/negy-dijat-nyert-a-nemzetkozi-epiteszeti-fesztivalon-az-ester-partners-tobbek-kozott-sajat-uj-showroomjuk-is-a-nyertesek-kozott-szerepelt\/","og_site_name":"esterpartners","article_publisher":"https:\/\/www.facebook.com\/esterpartners","article_published_time":"2022-05-23T13:29:48+00:00","article_modified_time":"2024-02-06T11:50:13+00:00","og_image":[{"width":1386,"height":924,"url":"https:\/\/www.esterpartners.com\/wp-content\/uploads\/2022\/05\/1.jpg","type":"image\/jpeg"}],"author":"Bianka B\u00e1n\u00f3czi","twitter_card":"summary_large_image","twitter_misc":{"Szerz\u0151:":"Bianka B\u00e1n\u00f3czi","Becs\u00fclt olvas\u00e1si id\u0151":"3 perc"},"schema":{"@context":"https:\/\/schema.org","@graph":[{"@type":"Article","@id":"https:\/\/www.esterpartners.com\/negy-dijat-nyert-a-nemzetkozi-epiteszeti-fesztivalon-az-ester-partners-tobbek-kozott-sajat-uj-showroomjuk-is-a-nyertesek-kozott-szerepelt\/#article","isPartOf":{"@id":"https:\/\/www.esterpartners.com\/negy-dijat-nyert-a-nemzetkozi-epiteszeti-fesztivalon-az-ester-partners-tobbek-kozott-sajat-uj-showroomjuk-is-a-nyertesek-kozott-szerepelt\/"},"author":{"name":"Bianka B\u00e1n\u00f3czi","@id":"https:\/\/www.esterpartners.com\/#\/schema\/person\/f066f933de7cf20b1c60605e6d9b9c22"},"headline":"N\u00e9gy d\u00edjat nyert a nemzetk\u00f6zi \u00e9p\u00edt\u00e9szeti fesztiv\u00e1lon az este\u2019r partners \u2013 t\u00f6bbek k\u00f6z\u00f6tt saj\u00e1t, \u00faj showroomjuk is a nyertesek k\u00f6z\u00f6tt szerepelt","datePublished":"2022-05-23T13:29:48+00:00","dateModified":"2024-02-06T11:50:13+00:00","mainEntityOfPage":{"@id":"https:\/\/www.esterpartners.com\/negy-dijat-nyert-a-nemzetkozi-epiteszeti-fesztivalon-az-ester-partners-tobbek-kozott-sajat-uj-showroomjuk-is-a-nyertesek-kozott-szerepelt\/"},"wordCount":308,"publisher":{"@id":"https:\/\/www.esterpartners.com\/#organization"},"image":{"@id":"https:\/\/www.esterpartners.com\/negy-dijat-nyert-a-nemzetkozi-epiteszeti-fesztivalon-az-ester-partners-tobbek-kozott-sajat-uj-showroomjuk-is-a-nyertesek-kozott-szerepelt\/#primaryimage"},"thumbnailUrl":"https:\/\/www.esterpartners.com\/wp-content\/uploads\/2022\/05\/1.jpg","keywords":["Magyar"],"articleSection":["Esem\u00e9nyek"],"inLanguage":"hu"},{"@type":"WebPage","@id":"https:\/\/www.esterpartners.com\/negy-dijat-nyert-a-nemzetkozi-epiteszeti-fesztivalon-az-ester-partners-tobbek-kozott-sajat-uj-showroomjuk-is-a-nyertesek-kozott-szerepelt\/","url":"https:\/\/www.esterpartners.com\/negy-dijat-nyert-a-nemzetkozi-epiteszeti-fesztivalon-az-ester-partners-tobbek-kozott-sajat-uj-showroomjuk-is-a-nyertesek-kozott-szerepelt\/","name":"N\u00e9gy d\u00edjat nyert a nemzetk\u00f6zi \u00e9p\u00edt\u00e9szeti fesztiv\u00e1lon az este\u2019r partners \u2013 t\u00f6bbek k\u00f6z\u00f6tt saj\u00e1t, \u00faj showroomjuk is a nyertesek k\u00f6z\u00f6tt szerepelt - esterpartners","isPartOf":{"@id":"https:\/\/www.esterpartners.com\/#website"},"primaryImageOfPage":{"@id":"https:\/\/www.esterpartners.com\/negy-dijat-nyert-a-nemzetkozi-epiteszeti-fesztivalon-az-ester-partners-tobbek-kozott-sajat-uj-showroomjuk-is-a-nyertesek-kozott-szerepelt\/#primaryimage"},"image":{"@id":"https:\/\/www.esterpartners.com\/negy-dijat-nyert-a-nemzetkozi-epiteszeti-fesztivalon-az-ester-partners-tobbek-kozott-sajat-uj-showroomjuk-is-a-nyertesek-kozott-szerepelt\/#primaryimage"},"thumbnailUrl":"https:\/\/www.esterpartners.com\/wp-content\/uploads\/2022\/05\/1.jpg","datePublished":"2022-05-23T13:29:48+00:00","dateModified":"2024-02-06T11:50:13+00:00","breadcrumb":{"@id":"https:\/\/www.esterpartners.com\/negy-dijat-nyert-a-nemzetkozi-epiteszeti-fesztivalon-az-ester-partners-tobbek-kozott-sajat-uj-showroomjuk-is-a-nyertesek-kozott-szerepelt\/#breadcrumb"},"inLanguage":"hu","potentialAction":[{"@type":"ReadAction","target":["https:\/\/www.esterpartners.com\/negy-dijat-nyert-a-nemzetkozi-epiteszeti-fesztivalon-az-ester-partners-tobbek-kozott-sajat-uj-showroomjuk-is-a-nyertesek-kozott-szerepelt\/"]}]},{"@type":"ImageObject","inLanguage":"hu","@id":"https:\/\/www.esterpartners.com\/negy-dijat-nyert-a-nemzetkozi-epiteszeti-fesztivalon-az-ester-partners-tobbek-kozott-sajat-uj-showroomjuk-is-a-nyertesek-kozott-szerepelt\/#primaryimage","url":"https:\/\/www.esterpartners.com\/wp-content\/uploads\/2022\/05\/1.jpg","contentUrl":"https:\/\/www.esterpartners.com\/wp-content\/uploads\/2022\/05\/1.jpg","width":1386,"height":924},{"@type":"BreadcrumbList","@id":"https:\/\/www.esterpartners.com\/negy-dijat-nyert-a-nemzetkozi-epiteszeti-fesztivalon-az-ester-partners-tobbek-kozott-sajat-uj-showroomjuk-is-a-nyertesek-kozott-szerepelt\/#breadcrumb","itemListElement":[{"@type":"ListItem","position":1,"name":"Home","item":"https:\/\/www.esterpartners.com\/"},{"@type":"ListItem","position":2,"name":"N\u00e9gy d\u00edjat nyert a nemzetk\u00f6zi \u00e9p\u00edt\u00e9szeti fesztiv\u00e1lon az este\u2019r partners \u2013 t\u00f6bbek k\u00f6z\u00f6tt saj\u00e1t, \u00faj showroomjuk is a nyertesek k\u00f6z\u00f6tt szerepelt"}]},{"@type":"WebSite","@id":"https:\/\/www.esterpartners.com\/#website","url":"https:\/\/www.esterpartners.com\/","name":"esterpartners","description":"interior architecture","publisher":{"@id":"https:\/\/www.esterpartners.com\/#organization"},"potentialAction":[{"@type":"SearchAction","target":{"@type":"EntryPoint","urlTemplate":"https:\/\/www.esterpartners.com\/?s={search_term_string}"},"query-input":{"@type":"PropertyValueSpecification","valueRequired":true,"valueName":"search_term_string"}}],"inLanguage":"hu"},{"@type":"Organization","@id":"https:\/\/www.esterpartners.com\/#organization","name":"esterpartners","url":"https:\/\/www.esterpartners.com\/","logo":{"@type":"ImageObject","inLanguage":"hu","@id":"https:\/\/www.esterpartners.com\/#\/schema\/logo\/image\/","url":"https:\/\/www.esterpartners.com\/wp-content\/uploads\/2023\/04\/ESTERPARTNERS__logo_full_black.png","contentUrl":"https:\/\/www.esterpartners.com\/wp-content\/uploads\/2023\/04\/ESTERPARTNERS__logo_full_black.png","width":2354,"height":911,"caption":"esterpartners"},"image":{"@id":"https:\/\/www.esterpartners.com\/#\/schema\/logo\/image\/"},"sameAs":["https:\/\/www.facebook.com\/esterpartners"]},{"@type":"Person","@id":"https:\/\/www.esterpartners.com\/#\/schema\/person\/f066f933de7cf20b1c60605e6d9b9c22","name":"Bianka B\u00e1n\u00f3czi","image":{"@type":"ImageObject","inLanguage":"hu","@id":"https:\/\/secure.gravatar.com\/avatar\/9264f31ae429a9a0b09282a886d4f9b2c674bc58224aa8b7c6bdd5e30563493c?s=96&d=mm&r=g","url":"https:\/\/secure.gravatar.com\/avatar\/9264f31ae429a9a0b09282a886d4f9b2c674bc58224aa8b7c6bdd5e30563493c?s=96&d=mm&r=g","contentUrl":"https:\/\/secure.gravatar.com\/avatar\/9264f31ae429a9a0b09282a886d4f9b2c674bc58224aa8b7c6bdd5e30563493c?s=96&d=mm&r=g","caption":"Bianka B\u00e1n\u00f3czi"},"url":"https:\/\/www.esterpartners.com\/hu\/author\/bianka\/"}]}},"_links":{"self":[{"href":"https:\/\/www.esterpartners.com\/hu\/wp-json\/wp\/v2\/posts\/20867","targetHints":{"allow":["GET"]}}],"collection":[{"href":"https:\/\/www.esterpartners.com\/hu\/wp-json\/wp\/v2\/posts"}],"about":[{"href":"https:\/\/www.esterpartners.com\/hu\/wp-json\/wp\/v2\/types\/post"}],"author":[{"embeddable":true,"href":"https:\/\/www.esterpartners.com\/hu\/wp-json\/wp\/v2\/users\/2"}],"replies":[{"embeddable":true,"href":"https:\/\/www.esterpartners.com\/hu\/wp-json\/wp\/v2\/comments?post=20867"}],"version-history":[{"count":0,"href":"https:\/\/www.esterpartners.com\/hu\/wp-json\/wp\/v2\/posts\/20867\/revisions"}],"wp:featuredmedia":[{"embeddable":true,"href":"https:\/\/www.esterpartners.com\/hu\/wp-json\/wp\/v2\/media\/20868"}],"wp:attachment":[{"href":"https:\/\/www.esterpartners.com\/hu\/wp-json\/wp\/v2\/media?parent=20867"}],"wp:term":[{"taxonomy":"category","embeddable":true,"href":"https:\/\/www.esterpartners.com\/hu\/wp-json\/wp\/v2\/categories?post=20867"},{"taxonomy":"post_tag","embeddable":true,"href":"https:\/\/www.esterpartners.com\/hu\/wp-json\/wp\/v2\/tags?post=20867"}],"curies":[{"name":"wp","href":"https:\/\/api.w.org\/{rel}","templated":true}]}}