{"id":21426,"date":"2022-06-20T14:55:10","date_gmt":"2022-06-20T14:55:10","guid":{"rendered":"https:\/\/www.esterpartners.com\/?p=21426"},"modified":"2024-04-23T12:19:58","modified_gmt":"2024-04-23T12:19:58","slug":"uj-fejezet-az-andrassy-uti-palota-eleteben-megnyitott-a-hotel-oktogon","status":"publish","type":"post","link":"https:\/\/www.esterpartners.com\/hu\/uj-fejezet-az-andrassy-uti-palota-eleteben-megnyitott-a-hotel-oktogon\/","title":{"rendered":"\u00daj fejezet az Andr\u00e1ssy \u00fati palota \u00e9let\u00e9ben: megnyitott a Hotel Oktogon"},"content":{"rendered":"<p>J\u00faniusban megnyitotta kapuit a Hotel Oktogon, amely eredeti \u00e9p\u00edttet\u0151je sz\u00e1nd\u00e9ka szerint az Andr\u00e1ssy \u00fat kedvelt palot\u00e1ja, k\u00e9s\u0151bb k\u00f6zk\u00f6nyvt\u00e1r volt, s\u0151t egy ideig Budapest egyik n\u00e9pszer\u0171 sz\u00f3rakoz\u00f3helyek\u00e9nt is m\u0171k\u00f6d\u00f6tt. Az \u00e9p\u00fclet a h\u00e1rom \u00e9vig tart\u00f3 fel\u00faj\u00edt\u00e1s ut\u00e1n most sz\u00e1llodak\u00e9nt nyitott meg, az este\u2019r partners bels\u0151\u00e9p\u00edt\u00e9sz iroda (vezet\u0151 tervez\u0151k: Radn\u00f3czy Eszter, Zellei Hajnalka) \u00e9s az \u00e9p\u00edt\u00e9szpartner Archikon tervei alapj\u00e1n.<\/p>\n<p><img fetchpriority=\"high\" decoding=\"async\" class=\"alignnone size-full wp-image-22047\" src=\"https:\/\/www.esterpartners.com\/wp-content\/uploads\/2022\/06\/A52-119-scaled.jpg\" alt=\"\" width=\"2560\" height=\"1703\" \/><\/p>\n<p>Az Andr\u00e1ssy \u00fat 52. alatt \u00e1ll\u00f3 neorenesz\u00e1nsz st\u00edlus\u00fa palota a 19. sz\u00e1zad v\u00e9g\u00e9n, 1884-1886 k\u00f6z\u00f6tt \u00e9p\u00fclt, tervez\u0151je a P\u00e1risi Udvart \u00e9s az Ur\u00e1nia Nemzeti Filmsz\u00ednh\u00e1z \u00e9p\u00fclet\u00e9t is jegyz\u0151 <strong>Schmahl Henrik<\/strong>, az \u00e9p\u00edttet\u0151 pedig a sv\u00e1jci sz\u00e1rmaz\u00e1s\u00fa <strong>malomtulajdonos \u00e9s s\u00f6rgy\u00e1ros<\/strong><strong>\u00a0<\/strong>Haggenmacher Henrik volt.<\/p>\n<p>Az el\u0151kel\u0151 palota a mostani restaur\u00e1l\u00e1s \u00e9s meg\u00fajul\u00e1s sor\u00e1n eredeti karakter\u00e9t megtartva \u00e9l tov\u00e1bb, a reprezentat\u00edv kapu m\u00f6g\u00f6tt h\u00faz\u00f3d\u00f3 bels\u0151 udvarban a lovak \u00e9s kocsik helyett most lobby-t \u00e9s reggeliz\u0151teret tal\u00e1lunk, a gangok mennyezeti r\u00e9szletei visszanyert\u00e9k eredeti sz\u00e9ps\u00e9g\u00fcket, m\u00edg a bels\u0151\u00e9p\u00edt\u00e9szet ink\u00e1bb sportos \u00e9s lezser maradt, igazodva a sz\u00e1lloda c\u00e9lk\u00f6z\u00f6ns\u00e9g\u00e9nek st\u00edlus\u00e1hoz.<\/p>\n<p>R\u00f6vid interj\u00fankban Radn\u00f3czy Eszter vezet\u0151 tervez\u0151t k\u00e9rdezt\u00fck a palota meg\u00fajul\u00e1s\u00e1nak bels\u0151\u00e9p\u00edt\u00e9szeti munk\u00e1j\u00e1r\u00f3l.<\/p>\n<p><img decoding=\"async\" class=\"alignnone size-full wp-image-21424\" src=\"https:\/\/www.esterpartners.com\/wp-content\/uploads\/2022\/06\/SEB4362_1500_1500.jpg\" alt=\"\" width=\"1500\" height=\"998\" \/><\/p>\n<p><strong>Melyek az \u00e9p\u00fclet t\u00f6rt\u00e9net\u00e9b\u0151l azok a r\u00e9szletek,\u00a0t\u00f6rt\u00e9netek, amelyek fontoss\u00e1 v\u00e1ltak nektek a tervez\u00e9s sor\u00e1n? <\/strong><\/p>\n<p>A Haggenmacher, majd a Dreher csal\u00e1d t\u00f6rt\u00e9nete \u00e9s sz\u00e1mos ingatlanberuh\u00e1z\u00e1sa Budapest belv\u00e1ros\u00e1ban mind figyelemre m\u00e9lt\u00f3ak. A Haggemacher-palota k\u00f6zponti l\u00e9pcs\u0151h\u00e1za, a festett bolt\u00edvek, mennyezetek, \u00e9s a besz\u00f6k\u0151 term\u00e9szetes f\u00e9ny jellemzik az \u00e9p\u00fcletet. Ezek a kiemelt elemek mind a m\u0171eml\u00e9ki restaur\u00e1l\u00e1s ut\u00e1ni eredeti megjelen\u00e9s\u00fcket kapt\u00e1k vissza, \u00e9s komoly, a j\u00f6v\u0151 sz\u00e1m\u00e1ra \u00e1tmentett \u00e9rt\u00e9keket k\u00e9pviselnek. Ennek \u00fajj\u00e1sz\u00fclet\u00e9s\u00e9ben r\u00e9szt venni hossz\u00fa, megterhel\u0151 munkafolyamat, egyben felemel\u0151 \u00e9lm\u00e9ny volt.<\/p>\n<p><img decoding=\"async\" class=\"alignnone size-full wp-image-22048\" src=\"https:\/\/www.esterpartners.com\/wp-content\/uploads\/2022\/06\/A52-152-scaled.jpg\" alt=\"\" width=\"2560\" height=\"1703\" \/><\/p>\n<p><strong>Milyen a lobby hangulata? <\/strong><\/p>\n<p>A lobby r\u00e9szben a m\u0171eml\u00e9ki \u00e9p\u00fclethez tartoz\u00f3 teret az \u00e9p\u00edt\u00e9sz tervez\u0151k \u00f6sszenyitott\u00e1k a korabeli l\u00e9pcs\u0151h\u00e1zzal. Ez a t\u00e9r \u00edgy \u00faj funkci\u00f3t \u00e9s \u00e9rtelmez\u00e9st kap, mivel a kor\u00e1bbi nyitott udvar az \u00fcvegtet\u0151vel z\u00e1rt t\u00e9rr\u00e9 v\u00e1lik. M\u00edg a padl\u00f3burkolat \u00e9s a homlokzati elemek k\u00f6vetik a m\u0171eml\u00e9kterek st\u00edlus\u00e1t, addig a berendez\u00e9s \u00e9s az install\u00e1ci\u00f3s elemek a hotel fiatalos, kozmopolita hangulat\u00e1hoz alkalmazkodnak. Sz\u00ednesek, letisztultak, k\u00e9nyelmesek, multifunkcion\u00e1lisak \u00e9s lend\u00fcletet sug\u00e1roznak.<\/p>\n<p><img loading=\"lazy\" decoding=\"async\" class=\"alignnone size-full wp-image-22050\" src=\"https:\/\/www.esterpartners.com\/wp-content\/uploads\/2022\/06\/Oktogon_prev-008-1-scaled.jpg\" alt=\"\" width=\"2560\" height=\"1703\" srcset=\"https:\/\/www.esterpartners.com\/wp-content\/uploads\/2022\/06\/Oktogon_prev-008-1-scaled.jpg 2560w, https:\/\/www.esterpartners.com\/wp-content\/uploads\/2022\/06\/Oktogon_prev-008-1-300x200.jpg 300w, https:\/\/www.esterpartners.com\/wp-content\/uploads\/2022\/06\/Oktogon_prev-008-1-1024x681.jpg 1024w, https:\/\/www.esterpartners.com\/wp-content\/uploads\/2022\/06\/Oktogon_prev-008-1-768x511.jpg 768w, https:\/\/www.esterpartners.com\/wp-content\/uploads\/2022\/06\/Oktogon_prev-008-1-1536x1022.jpg 1536w, https:\/\/www.esterpartners.com\/wp-content\/uploads\/2022\/06\/Oktogon_prev-008-1-2048x1363.jpg 2048w, https:\/\/www.esterpartners.com\/wp-content\/uploads\/2022\/06\/Oktogon_prev-008-1-18x12.jpg 18w, https:\/\/www.esterpartners.com\/wp-content\/uploads\/2022\/06\/Oktogon_prev-008-1-1200x799.jpg 1200w, https:\/\/www.esterpartners.com\/wp-content\/uploads\/2022\/06\/Oktogon_prev-008-1-1980x1318.jpg 1980w\" sizes=\"(max-width: 2560px) 100vw, 2560px\" \/><\/p>\n<p><strong>Milyen megold\u00e1sokat haszn\u00e1ltatok a t\u00f6rt\u00e9neti szob\u00e1kban? <\/strong><\/p>\n<p>A m\u0171eml\u00e9ki szob\u00e1k saj\u00e1toss\u00e1ga az eredeti fapanel-burkolat, mely a restaur\u00e1l\u00e1s sor\u00e1n visszakapta az eredeti vil\u00e1gos di\u00f3fa sz\u00edn\u00e9t. A szob\u00e1k nagy m\u00e9rete lehet\u0151v\u00e9 tette, hogy a f\u00fcrd\u0151szoba-blokkokat \u00fagy alak\u00edtsuk ki, hogy a szoba k\u00f6zep\u00e9re ker\u00fcljenek, ezzel meghagyva az eredeti kazett\u00e1s faburkolatot a k\u00fcls\u0151 falakon. Ez a k\u00f6zponti t\u00e9ralak\u00edt\u00e1s lehet\u0151v\u00e9 tette, hogy a m\u0171eml\u00e9ki szob\u00e1n bel\u00fcl tagoljuk a teret h\u00e1l\u00f3, k\u00f6zleked\u0151 \u00e9s nappali z\u00f3n\u00e1ra. \u00a0A k\u00f6zponti f\u00fcrd\u0151szobablokk egy \u00fcvegdobozz\u00e1 v\u00e1lt, mely minden oldalr\u00f3l t\u00fckr\u00f6zi a fapanel burkolatokat. A falak \u00e9s a mennyezet sz\u00edne s\u00f6t\u00e9tz\u00f6ld, mely m\u00e9ly \u00e1rnyalatok illeszkednek a fapanelekhez. A berendez\u00e9st a klasszikus-modern kombin\u00e1ci\u00f3ja jellemzi.<\/p>\n<p><img loading=\"lazy\" decoding=\"async\" class=\"alignnone size-full wp-image-22051\" src=\"https:\/\/www.esterpartners.com\/wp-content\/uploads\/2022\/06\/A52-099-scaled.jpg\" alt=\"\" width=\"2560\" height=\"1703\" srcset=\"https:\/\/www.esterpartners.com\/wp-content\/uploads\/2022\/06\/A52-099-scaled.jpg 2560w, https:\/\/www.esterpartners.com\/wp-content\/uploads\/2022\/06\/A52-099-300x200.jpg 300w, https:\/\/www.esterpartners.com\/wp-content\/uploads\/2022\/06\/A52-099-1024x681.jpg 1024w, https:\/\/www.esterpartners.com\/wp-content\/uploads\/2022\/06\/A52-099-768x511.jpg 768w, https:\/\/www.esterpartners.com\/wp-content\/uploads\/2022\/06\/A52-099-1536x1022.jpg 1536w, https:\/\/www.esterpartners.com\/wp-content\/uploads\/2022\/06\/A52-099-2048x1363.jpg 2048w, https:\/\/www.esterpartners.com\/wp-content\/uploads\/2022\/06\/A52-099-18x12.jpg 18w, https:\/\/www.esterpartners.com\/wp-content\/uploads\/2022\/06\/A52-099-1200x798.jpg 1200w, https:\/\/www.esterpartners.com\/wp-content\/uploads\/2022\/06\/A52-099-1980x1317.jpg 1980w\" sizes=\"(max-width: 2560px) 100vw, 2560px\" \/><\/p>\n<p><strong>A sz\u00e1lloda sportos, vag\u00e1ny, de eleg\u00e1ns is. Mit &#8220;enged meg&#8221; a 3 csillag? <\/strong><\/p>\n<p>Az \u00e9p\u00fclet nagyon sok \u00e9lm\u00e9nyt \u00e9s \u00e9rt\u00e9ket hordoz mag\u00e1ban, szerintem ez az Andr\u00e1ssy \u00fat egyik legizgalmasabb h\u00e1za, amely gy\u00f6ny\u00f6r\u0171 volt m\u00e1r fel\u00faj\u00edt\u00e1s el\u0151tt is. A meg\u00fajult design \u00faj \u00e9letet, frissess\u00e9get hordoz, kieg\u00e9sz\u00edti a korabeli \u00e9rt\u00e9keket \u00fagy, hogy k\u00f6zben az eredeti enteri\u0151r ne s\u00e9r\u00fclj\u00f6n, azonban fel\u00faj\u00edt\u00e1s \u00faj tulajdons\u00e1gokat, a mai kornak megfelel\u0151 k\u00e9nyelmet, funkcion\u00e1lis \u00e9s eszt\u00e9tikai ig\u00e9nyeket szolg\u00e1ljon ki.<\/p>\n<p><img loading=\"lazy\" decoding=\"async\" class=\"alignnone size-full wp-image-22054\" src=\"https:\/\/www.esterpartners.com\/wp-content\/uploads\/2022\/06\/A52-146-scaled.jpg\" alt=\"\" width=\"2560\" height=\"1703\" \/><\/p>\n<p><img loading=\"lazy\" decoding=\"async\" class=\"alignnone size-full wp-image-22049\" src=\"https:\/\/www.esterpartners.com\/wp-content\/uploads\/2022\/06\/A52-177-scaled.jpg\" alt=\"\" width=\"2560\" height=\"1703\" srcset=\"https:\/\/www.esterpartners.com\/wp-content\/uploads\/2022\/06\/A52-177-scaled.jpg 2560w, https:\/\/www.esterpartners.com\/wp-content\/uploads\/2022\/06\/A52-177-300x200.jpg 300w, https:\/\/www.esterpartners.com\/wp-content\/uploads\/2022\/06\/A52-177-1024x681.jpg 1024w, https:\/\/www.esterpartners.com\/wp-content\/uploads\/2022\/06\/A52-177-768x511.jpg 768w, https:\/\/www.esterpartners.com\/wp-content\/uploads\/2022\/06\/A52-177-1536x1022.jpg 1536w, https:\/\/www.esterpartners.com\/wp-content\/uploads\/2022\/06\/A52-177-2048x1363.jpg 2048w, https:\/\/www.esterpartners.com\/wp-content\/uploads\/2022\/06\/A52-177-18x12.jpg 18w, https:\/\/www.esterpartners.com\/wp-content\/uploads\/2022\/06\/A52-177-1200x798.jpg 1200w, https:\/\/www.esterpartners.com\/wp-content\/uploads\/2022\/06\/A52-177-1980x1317.jpg 1980w\" sizes=\"(max-width: 2560px) 100vw, 2560px\" \/><\/p>\n<p><strong>Mik az \u00e9p\u00fclet design-highlightjai? <\/strong><\/p>\n<p>Az \u00e9p\u00fclet alapvet\u0151 \u00e9p\u00edt\u0151elemei meghat\u00e1roz\u00f3ak voltak: ilyenek a melegsz\u00fcrke k\u0151d\u00edsz\u00edt\u00e9sek, pill\u00e9rek, p\u00e1rk\u00e1nyok, a fekete \u00e9s vil\u00e1gossz\u00fcrke diagon\u00e1lis, pepita padl\u00f3burkolat, valamint a lev\u00e9lmint\u00e1s l\u00e9pcs\u0151h\u00e1zi festett mennyezetek, melyek sz\u00ednkompoz\u00edci\u00f3ja a fel\u00faj\u00edt\u00e1s sor\u00e1n t\u00e1rult fel. A bels\u0151\u00e9p\u00edt\u00e9szetben dinamikus sz\u00ednekre kott\u00e1ztuk az \u00e9p\u00fclet nem m\u0171eml\u00e9ki ter\u00fclet\u00e9t. A h\u00e1rmas alapsz\u00edn kombin\u00e1ci\u00f3, a v\u00f6r\u00f6s, a z\u00f6ld \u00e9s a k\u00e9k, \u00e9s azok pasztell \u00e1rnyalatai v\u00e9gigfutnak az \u00e9p\u00fcleten, hol egy\u00fctt, hol k\u00fcl\u00f6n-k\u00fcl\u00f6n. A szob\u00e1k vid\u00e1mak \u00e9s kompaktak, a sz\u00edn- \u00e9s anyaghaszn\u00e1lat min\u0151s\u00e9ge teszi \u0151ket \u00e9rdekess\u00e9. A lobby l\u00e9gies megjelen\u00e9se \u00e9s vegyes funkci\u00f3ja is \u00e9rdekes, hiszen ez b\u00e1r \u00e9s reggeliz\u0151 t\u00e9r is egyben. A reduk\u00e1lt \u00e9s \u00edves formavil\u00e1g\u00fa b\u00fatorok mellet megjelennek olyan t\u00e1rgyak, melyek proporci\u00f3ja tudatosan figyelemfelkelt\u0151. Ilyenek a magas nyak\u00fa \u00e1ll\u00f3l\u00e1mp\u00e1k \u00e9s a vir\u00e1gkasp\u00f3k is, melyek er\u0151s\u00edtik vizu\u00e1lis \u00e9lm\u00e9nyt.<\/p>\n<p><img loading=\"lazy\" decoding=\"async\" class=\"alignnone size-full wp-image-22052\" src=\"https:\/\/www.esterpartners.com\/wp-content\/uploads\/2022\/06\/A52-095-scaled.jpg\" alt=\"\" width=\"2560\" height=\"1703\" srcset=\"https:\/\/www.esterpartners.com\/wp-content\/uploads\/2022\/06\/A52-095-scaled.jpg 2560w, https:\/\/www.esterpartners.com\/wp-content\/uploads\/2022\/06\/A52-095-300x200.jpg 300w, https:\/\/www.esterpartners.com\/wp-content\/uploads\/2022\/06\/A52-095-1024x681.jpg 1024w, https:\/\/www.esterpartners.com\/wp-content\/uploads\/2022\/06\/A52-095-768x511.jpg 768w, https:\/\/www.esterpartners.com\/wp-content\/uploads\/2022\/06\/A52-095-1536x1022.jpg 1536w, https:\/\/www.esterpartners.com\/wp-content\/uploads\/2022\/06\/A52-095-2048x1363.jpg 2048w, https:\/\/www.esterpartners.com\/wp-content\/uploads\/2022\/06\/A52-095-18x12.jpg 18w, https:\/\/www.esterpartners.com\/wp-content\/uploads\/2022\/06\/A52-095-1200x798.jpg 1200w, https:\/\/www.esterpartners.com\/wp-content\/uploads\/2022\/06\/A52-095-1980x1317.jpg 1980w\" sizes=\"(max-width: 2560px) 100vw, 2560px\" \/><\/p>\n<p><img loading=\"lazy\" decoding=\"async\" class=\"alignnone size-full wp-image-22053\" src=\"https:\/\/www.esterpartners.com\/wp-content\/uploads\/2022\/06\/A52-058-scaled.jpg\" alt=\"\" width=\"2560\" height=\"1703\" \/><\/p>\n<p>Fot\u00f3: Tam\u00e1s P\u00e1l<\/p>\n<p>Nyit\u00f3k\u00e9p: Sebesty\u00e9n L\u00e1szl\u00f3 \/ Forbes<\/p>\n<p>&nbsp;<\/p>\n<p>&nbsp;<\/p>\n<p>&nbsp;<\/p>\n<p>&nbsp;<\/p>\n<p>&nbsp;<\/p>","protected":false},"excerpt":{"rendered":"<p>J\u00faniusban megnyitotta kapuit a Hotel Oktogon, amely eredeti \u00e9p\u00edttet\u0151je sz\u00e1nd\u00e9ka szerint az Andr\u00e1ssy \u00fat kedvelt palot\u00e1ja, k\u00e9s\u0151bb k\u00f6zk\u00f6nyvt\u00e1r volt, s\u0151t egy ideig Budapest egyik n\u00e9pszer\u0171 sz\u00f3rakoz\u00f3helyek\u00e9nt is m\u0171k\u00f6d\u00f6tt. Az \u00e9p\u00fclet a h\u00e1rom \u00e9vig tart\u00f3 fel\u00faj\u00edt\u00e1s ut\u00e1n most sz\u00e1llodak\u00e9nt nyitott meg, az este\u2019r partners bels\u0151\u00e9p\u00edt\u00e9sz iroda (vezet\u0151 tervez\u0151k: Radn\u00f3czy Eszter, Zellei Hajnalka) \u00e9s az \u00e9p\u00edt\u00e9szpartner Archikon [&hellip;]<\/p>\n","protected":false},"author":2,"featured_media":22616,"comment_status":"closed","ping_status":"closed","sticky":false,"template":"","format":"standard","meta":{"footnotes":""},"categories":[3,5],"tags":[24],"class_list":["post-21426","post","type-post","status-publish","format-standard","has-post-thumbnail","hentry","category-construction","category-interview","tag-magyar"],"yoast_head":"<!-- This site is optimized with the Yoast SEO plugin v27.5 - https:\/\/yoast.com\/product\/yoast-seo-wordpress\/ -->\n<title>\u00daj fejezet az Andr\u00e1ssy \u00fati palota \u00e9let\u00e9ben: megnyitott a Hotel Oktogon - esterpartners<\/title>\n<meta name=\"robots\" content=\"index, follow, max-snippet:-1, max-image-preview:large, max-video-preview:-1\" \/>\n<link rel=\"canonical\" href=\"https:\/\/www.esterpartners.com\/hu\/uj-fejezet-az-andrassy-uti-palota-eleteben-megnyitott-a-hotel-oktogon\/\" \/>\n<meta property=\"og:locale\" content=\"hu_HU\" \/>\n<meta property=\"og:type\" content=\"article\" \/>\n<meta property=\"og:title\" content=\"\u00daj fejezet az Andr\u00e1ssy \u00fati palota \u00e9let\u00e9ben: megnyitott a Hotel Oktogon - esterpartners\" \/>\n<meta property=\"og:description\" content=\"J\u00faniusban megnyitotta kapuit a Hotel Oktogon, amely eredeti \u00e9p\u00edttet\u0151je sz\u00e1nd\u00e9ka szerint az Andr\u00e1ssy \u00fat kedvelt palot\u00e1ja, k\u00e9s\u0151bb k\u00f6zk\u00f6nyvt\u00e1r volt, s\u0151t egy ideig Budapest egyik n\u00e9pszer\u0171 sz\u00f3rakoz\u00f3helyek\u00e9nt is m\u0171k\u00f6d\u00f6tt. Az \u00e9p\u00fclet a h\u00e1rom \u00e9vig tart\u00f3 fel\u00faj\u00edt\u00e1s ut\u00e1n most sz\u00e1llodak\u00e9nt nyitott meg, az este\u2019r partners bels\u0151\u00e9p\u00edt\u00e9sz iroda (vezet\u0151 tervez\u0151k: Radn\u00f3czy Eszter, Zellei Hajnalka) \u00e9s az \u00e9p\u00edt\u00e9szpartner Archikon [&hellip;]\" \/>\n<meta property=\"og:url\" content=\"https:\/\/www.esterpartners.com\/hu\/uj-fejezet-az-andrassy-uti-palota-eleteben-megnyitott-a-hotel-oktogon\/\" \/>\n<meta property=\"og:site_name\" content=\"esterpartners\" \/>\n<meta property=\"article:publisher\" content=\"https:\/\/www.facebook.com\/esterpartners\" \/>\n<meta property=\"article:published_time\" content=\"2022-06-20T14:55:10+00:00\" \/>\n<meta property=\"article:modified_time\" content=\"2024-04-23T12:19:58+00:00\" \/>\n<meta property=\"og:image\" content=\"https:\/\/www.esterpartners.com\/wp-content\/uploads\/2022\/11\/Oktogon_prev-010-scaled.jpg\" \/>\n\t<meta property=\"og:image:width\" content=\"2560\" \/>\n\t<meta property=\"og:image:height\" content=\"1703\" \/>\n\t<meta property=\"og:image:type\" content=\"image\/jpeg\" \/>\n<meta name=\"author\" content=\"Bianka B\u00e1n\u00f3czi\" \/>\n<meta name=\"twitter:card\" content=\"summary_large_image\" \/>\n<meta name=\"twitter:label1\" content=\"Szerz\u0151:\" \/>\n\t<meta name=\"twitter:data1\" content=\"Bianka B\u00e1n\u00f3czi\" \/>\n\t<meta name=\"twitter:label2\" content=\"Becs\u00fclt olvas\u00e1si id\u0151\" \/>\n\t<meta name=\"twitter:data2\" content=\"5 perc\" \/>\n<script type=\"application\/ld+json\" class=\"yoast-schema-graph\">{\"@context\":\"https:\\\/\\\/schema.org\",\"@graph\":[{\"@type\":\"Article\",\"@id\":\"https:\\\/\\\/www.esterpartners.com\\\/uj-fejezet-az-andrassy-uti-palota-eleteben-megnyitott-a-hotel-oktogon\\\/#article\",\"isPartOf\":{\"@id\":\"https:\\\/\\\/www.esterpartners.com\\\/uj-fejezet-az-andrassy-uti-palota-eleteben-megnyitott-a-hotel-oktogon\\\/\"},\"author\":{\"name\":\"Bianka B\u00e1n\u00f3czi\",\"@id\":\"https:\\\/\\\/www.esterpartners.com\\\/#\\\/schema\\\/person\\\/f066f933de7cf20b1c60605e6d9b9c22\"},\"headline\":\"\u00daj fejezet az Andr\u00e1ssy \u00fati palota \u00e9let\u00e9ben: megnyitott a Hotel Oktogon\",\"datePublished\":\"2022-06-20T14:55:10+00:00\",\"dateModified\":\"2024-04-23T12:19:58+00:00\",\"mainEntityOfPage\":{\"@id\":\"https:\\\/\\\/www.esterpartners.com\\\/uj-fejezet-az-andrassy-uti-palota-eleteben-megnyitott-a-hotel-oktogon\\\/\"},\"wordCount\":995,\"publisher\":{\"@id\":\"https:\\\/\\\/www.esterpartners.com\\\/#organization\"},\"image\":{\"@id\":\"https:\\\/\\\/www.esterpartners.com\\\/uj-fejezet-az-andrassy-uti-palota-eleteben-megnyitott-a-hotel-oktogon\\\/#primaryimage\"},\"thumbnailUrl\":\"https:\\\/\\\/www.esterpartners.com\\\/wp-content\\\/uploads\\\/2022\\\/11\\\/Oktogon_prev-010-scaled.jpg\",\"keywords\":[\"Magyar\"],\"articleSection\":[\"Construction\",\"Interj\u00fa\"],\"inLanguage\":\"hu\"},{\"@type\":\"WebPage\",\"@id\":\"https:\\\/\\\/www.esterpartners.com\\\/uj-fejezet-az-andrassy-uti-palota-eleteben-megnyitott-a-hotel-oktogon\\\/\",\"url\":\"https:\\\/\\\/www.esterpartners.com\\\/uj-fejezet-az-andrassy-uti-palota-eleteben-megnyitott-a-hotel-oktogon\\\/\",\"name\":\"\u00daj fejezet az Andr\u00e1ssy \u00fati palota \u00e9let\u00e9ben: megnyitott a Hotel Oktogon - esterpartners\",\"isPartOf\":{\"@id\":\"https:\\\/\\\/www.esterpartners.com\\\/#website\"},\"primaryImageOfPage\":{\"@id\":\"https:\\\/\\\/www.esterpartners.com\\\/uj-fejezet-az-andrassy-uti-palota-eleteben-megnyitott-a-hotel-oktogon\\\/#primaryimage\"},\"image\":{\"@id\":\"https:\\\/\\\/www.esterpartners.com\\\/uj-fejezet-az-andrassy-uti-palota-eleteben-megnyitott-a-hotel-oktogon\\\/#primaryimage\"},\"thumbnailUrl\":\"https:\\\/\\\/www.esterpartners.com\\\/wp-content\\\/uploads\\\/2022\\\/11\\\/Oktogon_prev-010-scaled.jpg\",\"datePublished\":\"2022-06-20T14:55:10+00:00\",\"dateModified\":\"2024-04-23T12:19:58+00:00\",\"breadcrumb\":{\"@id\":\"https:\\\/\\\/www.esterpartners.com\\\/uj-fejezet-az-andrassy-uti-palota-eleteben-megnyitott-a-hotel-oktogon\\\/#breadcrumb\"},\"inLanguage\":\"hu\",\"potentialAction\":[{\"@type\":\"ReadAction\",\"target\":[\"https:\\\/\\\/www.esterpartners.com\\\/uj-fejezet-az-andrassy-uti-palota-eleteben-megnyitott-a-hotel-oktogon\\\/\"]}]},{\"@type\":\"ImageObject\",\"inLanguage\":\"hu\",\"@id\":\"https:\\\/\\\/www.esterpartners.com\\\/uj-fejezet-az-andrassy-uti-palota-eleteben-megnyitott-a-hotel-oktogon\\\/#primaryimage\",\"url\":\"https:\\\/\\\/www.esterpartners.com\\\/wp-content\\\/uploads\\\/2022\\\/11\\\/Oktogon_prev-010-scaled.jpg\",\"contentUrl\":\"https:\\\/\\\/www.esterpartners.com\\\/wp-content\\\/uploads\\\/2022\\\/11\\\/Oktogon_prev-010-scaled.jpg\",\"width\":2560,\"height\":1703},{\"@type\":\"BreadcrumbList\",\"@id\":\"https:\\\/\\\/www.esterpartners.com\\\/uj-fejezet-az-andrassy-uti-palota-eleteben-megnyitott-a-hotel-oktogon\\\/#breadcrumb\",\"itemListElement\":[{\"@type\":\"ListItem\",\"position\":1,\"name\":\"Home\",\"item\":\"https:\\\/\\\/www.esterpartners.com\\\/\"},{\"@type\":\"ListItem\",\"position\":2,\"name\":\"\u00daj fejezet az Andr\u00e1ssy \u00fati palota \u00e9let\u00e9ben: megnyitott a Hotel Oktogon\"}]},{\"@type\":\"WebSite\",\"@id\":\"https:\\\/\\\/www.esterpartners.com\\\/#website\",\"url\":\"https:\\\/\\\/www.esterpartners.com\\\/\",\"name\":\"esterpartners\",\"description\":\"interior architecture\",\"publisher\":{\"@id\":\"https:\\\/\\\/www.esterpartners.com\\\/#organization\"},\"potentialAction\":[{\"@type\":\"SearchAction\",\"target\":{\"@type\":\"EntryPoint\",\"urlTemplate\":\"https:\\\/\\\/www.esterpartners.com\\\/?s={search_term_string}\"},\"query-input\":{\"@type\":\"PropertyValueSpecification\",\"valueRequired\":true,\"valueName\":\"search_term_string\"}}],\"inLanguage\":\"hu\"},{\"@type\":\"Organization\",\"@id\":\"https:\\\/\\\/www.esterpartners.com\\\/#organization\",\"name\":\"esterpartners\",\"url\":\"https:\\\/\\\/www.esterpartners.com\\\/\",\"logo\":{\"@type\":\"ImageObject\",\"inLanguage\":\"hu\",\"@id\":\"https:\\\/\\\/www.esterpartners.com\\\/#\\\/schema\\\/logo\\\/image\\\/\",\"url\":\"https:\\\/\\\/www.esterpartners.com\\\/wp-content\\\/uploads\\\/2023\\\/04\\\/ESTERPARTNERS__logo_full_black.png\",\"contentUrl\":\"https:\\\/\\\/www.esterpartners.com\\\/wp-content\\\/uploads\\\/2023\\\/04\\\/ESTERPARTNERS__logo_full_black.png\",\"width\":2354,\"height\":911,\"caption\":\"esterpartners\"},\"image\":{\"@id\":\"https:\\\/\\\/www.esterpartners.com\\\/#\\\/schema\\\/logo\\\/image\\\/\"},\"sameAs\":[\"https:\\\/\\\/www.facebook.com\\\/esterpartners\"]},{\"@type\":\"Person\",\"@id\":\"https:\\\/\\\/www.esterpartners.com\\\/#\\\/schema\\\/person\\\/f066f933de7cf20b1c60605e6d9b9c22\",\"name\":\"Bianka B\u00e1n\u00f3czi\",\"image\":{\"@type\":\"ImageObject\",\"inLanguage\":\"hu\",\"@id\":\"https:\\\/\\\/secure.gravatar.com\\\/avatar\\\/9264f31ae429a9a0b09282a886d4f9b2c674bc58224aa8b7c6bdd5e30563493c?s=96&d=mm&r=g\",\"url\":\"https:\\\/\\\/secure.gravatar.com\\\/avatar\\\/9264f31ae429a9a0b09282a886d4f9b2c674bc58224aa8b7c6bdd5e30563493c?s=96&d=mm&r=g\",\"contentUrl\":\"https:\\\/\\\/secure.gravatar.com\\\/avatar\\\/9264f31ae429a9a0b09282a886d4f9b2c674bc58224aa8b7c6bdd5e30563493c?s=96&d=mm&r=g\",\"caption\":\"Bianka B\u00e1n\u00f3czi\"},\"url\":\"https:\\\/\\\/www.esterpartners.com\\\/hu\\\/author\\\/bianka\\\/\"}]}<\/script>\n<!-- \/ Yoast SEO plugin. -->","yoast_head_json":{"title":"\u00daj fejezet az Andr\u00e1ssy \u00fati palota \u00e9let\u00e9ben: megnyitott a Hotel Oktogon - esterpartners","robots":{"index":"index","follow":"follow","max-snippet":"max-snippet:-1","max-image-preview":"max-image-preview:large","max-video-preview":"max-video-preview:-1"},"canonical":"https:\/\/www.esterpartners.com\/hu\/uj-fejezet-az-andrassy-uti-palota-eleteben-megnyitott-a-hotel-oktogon\/","og_locale":"hu_HU","og_type":"article","og_title":"\u00daj fejezet az Andr\u00e1ssy \u00fati palota \u00e9let\u00e9ben: megnyitott a Hotel Oktogon - esterpartners","og_description":"J\u00faniusban megnyitotta kapuit a Hotel Oktogon, amely eredeti \u00e9p\u00edttet\u0151je sz\u00e1nd\u00e9ka szerint az Andr\u00e1ssy \u00fat kedvelt palot\u00e1ja, k\u00e9s\u0151bb k\u00f6zk\u00f6nyvt\u00e1r volt, s\u0151t egy ideig Budapest egyik n\u00e9pszer\u0171 sz\u00f3rakoz\u00f3helyek\u00e9nt is m\u0171k\u00f6d\u00f6tt. Az \u00e9p\u00fclet a h\u00e1rom \u00e9vig tart\u00f3 fel\u00faj\u00edt\u00e1s ut\u00e1n most sz\u00e1llodak\u00e9nt nyitott meg, az este\u2019r partners bels\u0151\u00e9p\u00edt\u00e9sz iroda (vezet\u0151 tervez\u0151k: Radn\u00f3czy Eszter, Zellei Hajnalka) \u00e9s az \u00e9p\u00edt\u00e9szpartner Archikon [&hellip;]","og_url":"https:\/\/www.esterpartners.com\/hu\/uj-fejezet-az-andrassy-uti-palota-eleteben-megnyitott-a-hotel-oktogon\/","og_site_name":"esterpartners","article_publisher":"https:\/\/www.facebook.com\/esterpartners","article_published_time":"2022-06-20T14:55:10+00:00","article_modified_time":"2024-04-23T12:19:58+00:00","og_image":[{"width":2560,"height":1703,"url":"https:\/\/www.esterpartners.com\/wp-content\/uploads\/2022\/11\/Oktogon_prev-010-scaled.jpg","type":"image\/jpeg"}],"author":"Bianka B\u00e1n\u00f3czi","twitter_card":"summary_large_image","twitter_misc":{"Szerz\u0151:":"Bianka B\u00e1n\u00f3czi","Becs\u00fclt olvas\u00e1si id\u0151":"5 perc"},"schema":{"@context":"https:\/\/schema.org","@graph":[{"@type":"Article","@id":"https:\/\/www.esterpartners.com\/uj-fejezet-az-andrassy-uti-palota-eleteben-megnyitott-a-hotel-oktogon\/#article","isPartOf":{"@id":"https:\/\/www.esterpartners.com\/uj-fejezet-az-andrassy-uti-palota-eleteben-megnyitott-a-hotel-oktogon\/"},"author":{"name":"Bianka B\u00e1n\u00f3czi","@id":"https:\/\/www.esterpartners.com\/#\/schema\/person\/f066f933de7cf20b1c60605e6d9b9c22"},"headline":"\u00daj fejezet az Andr\u00e1ssy \u00fati palota \u00e9let\u00e9ben: megnyitott a Hotel Oktogon","datePublished":"2022-06-20T14:55:10+00:00","dateModified":"2024-04-23T12:19:58+00:00","mainEntityOfPage":{"@id":"https:\/\/www.esterpartners.com\/uj-fejezet-az-andrassy-uti-palota-eleteben-megnyitott-a-hotel-oktogon\/"},"wordCount":995,"publisher":{"@id":"https:\/\/www.esterpartners.com\/#organization"},"image":{"@id":"https:\/\/www.esterpartners.com\/uj-fejezet-az-andrassy-uti-palota-eleteben-megnyitott-a-hotel-oktogon\/#primaryimage"},"thumbnailUrl":"https:\/\/www.esterpartners.com\/wp-content\/uploads\/2022\/11\/Oktogon_prev-010-scaled.jpg","keywords":["Magyar"],"articleSection":["Construction","Interj\u00fa"],"inLanguage":"hu"},{"@type":"WebPage","@id":"https:\/\/www.esterpartners.com\/uj-fejezet-az-andrassy-uti-palota-eleteben-megnyitott-a-hotel-oktogon\/","url":"https:\/\/www.esterpartners.com\/uj-fejezet-az-andrassy-uti-palota-eleteben-megnyitott-a-hotel-oktogon\/","name":"\u00daj fejezet az Andr\u00e1ssy \u00fati palota \u00e9let\u00e9ben: megnyitott a Hotel Oktogon - esterpartners","isPartOf":{"@id":"https:\/\/www.esterpartners.com\/#website"},"primaryImageOfPage":{"@id":"https:\/\/www.esterpartners.com\/uj-fejezet-az-andrassy-uti-palota-eleteben-megnyitott-a-hotel-oktogon\/#primaryimage"},"image":{"@id":"https:\/\/www.esterpartners.com\/uj-fejezet-az-andrassy-uti-palota-eleteben-megnyitott-a-hotel-oktogon\/#primaryimage"},"thumbnailUrl":"https:\/\/www.esterpartners.com\/wp-content\/uploads\/2022\/11\/Oktogon_prev-010-scaled.jpg","datePublished":"2022-06-20T14:55:10+00:00","dateModified":"2024-04-23T12:19:58+00:00","breadcrumb":{"@id":"https:\/\/www.esterpartners.com\/uj-fejezet-az-andrassy-uti-palota-eleteben-megnyitott-a-hotel-oktogon\/#breadcrumb"},"inLanguage":"hu","potentialAction":[{"@type":"ReadAction","target":["https:\/\/www.esterpartners.com\/uj-fejezet-az-andrassy-uti-palota-eleteben-megnyitott-a-hotel-oktogon\/"]}]},{"@type":"ImageObject","inLanguage":"hu","@id":"https:\/\/www.esterpartners.com\/uj-fejezet-az-andrassy-uti-palota-eleteben-megnyitott-a-hotel-oktogon\/#primaryimage","url":"https:\/\/www.esterpartners.com\/wp-content\/uploads\/2022\/11\/Oktogon_prev-010-scaled.jpg","contentUrl":"https:\/\/www.esterpartners.com\/wp-content\/uploads\/2022\/11\/Oktogon_prev-010-scaled.jpg","width":2560,"height":1703},{"@type":"BreadcrumbList","@id":"https:\/\/www.esterpartners.com\/uj-fejezet-az-andrassy-uti-palota-eleteben-megnyitott-a-hotel-oktogon\/#breadcrumb","itemListElement":[{"@type":"ListItem","position":1,"name":"Home","item":"https:\/\/www.esterpartners.com\/"},{"@type":"ListItem","position":2,"name":"\u00daj fejezet az Andr\u00e1ssy \u00fati palota \u00e9let\u00e9ben: megnyitott a Hotel Oktogon"}]},{"@type":"WebSite","@id":"https:\/\/www.esterpartners.com\/#website","url":"https:\/\/www.esterpartners.com\/","name":"esterpartners","description":"interior architecture","publisher":{"@id":"https:\/\/www.esterpartners.com\/#organization"},"potentialAction":[{"@type":"SearchAction","target":{"@type":"EntryPoint","urlTemplate":"https:\/\/www.esterpartners.com\/?s={search_term_string}"},"query-input":{"@type":"PropertyValueSpecification","valueRequired":true,"valueName":"search_term_string"}}],"inLanguage":"hu"},{"@type":"Organization","@id":"https:\/\/www.esterpartners.com\/#organization","name":"esterpartners","url":"https:\/\/www.esterpartners.com\/","logo":{"@type":"ImageObject","inLanguage":"hu","@id":"https:\/\/www.esterpartners.com\/#\/schema\/logo\/image\/","url":"https:\/\/www.esterpartners.com\/wp-content\/uploads\/2023\/04\/ESTERPARTNERS__logo_full_black.png","contentUrl":"https:\/\/www.esterpartners.com\/wp-content\/uploads\/2023\/04\/ESTERPARTNERS__logo_full_black.png","width":2354,"height":911,"caption":"esterpartners"},"image":{"@id":"https:\/\/www.esterpartners.com\/#\/schema\/logo\/image\/"},"sameAs":["https:\/\/www.facebook.com\/esterpartners"]},{"@type":"Person","@id":"https:\/\/www.esterpartners.com\/#\/schema\/person\/f066f933de7cf20b1c60605e6d9b9c22","name":"Bianka B\u00e1n\u00f3czi","image":{"@type":"ImageObject","inLanguage":"hu","@id":"https:\/\/secure.gravatar.com\/avatar\/9264f31ae429a9a0b09282a886d4f9b2c674bc58224aa8b7c6bdd5e30563493c?s=96&d=mm&r=g","url":"https:\/\/secure.gravatar.com\/avatar\/9264f31ae429a9a0b09282a886d4f9b2c674bc58224aa8b7c6bdd5e30563493c?s=96&d=mm&r=g","contentUrl":"https:\/\/secure.gravatar.com\/avatar\/9264f31ae429a9a0b09282a886d4f9b2c674bc58224aa8b7c6bdd5e30563493c?s=96&d=mm&r=g","caption":"Bianka B\u00e1n\u00f3czi"},"url":"https:\/\/www.esterpartners.com\/hu\/author\/bianka\/"}]}},"_links":{"self":[{"href":"https:\/\/www.esterpartners.com\/hu\/wp-json\/wp\/v2\/posts\/21426","targetHints":{"allow":["GET"]}}],"collection":[{"href":"https:\/\/www.esterpartners.com\/hu\/wp-json\/wp\/v2\/posts"}],"about":[{"href":"https:\/\/www.esterpartners.com\/hu\/wp-json\/wp\/v2\/types\/post"}],"author":[{"embeddable":true,"href":"https:\/\/www.esterpartners.com\/hu\/wp-json\/wp\/v2\/users\/2"}],"replies":[{"embeddable":true,"href":"https:\/\/www.esterpartners.com\/hu\/wp-json\/wp\/v2\/comments?post=21426"}],"version-history":[{"count":0,"href":"https:\/\/www.esterpartners.com\/hu\/wp-json\/wp\/v2\/posts\/21426\/revisions"}],"wp:featuredmedia":[{"embeddable":true,"href":"https:\/\/www.esterpartners.com\/hu\/wp-json\/wp\/v2\/media\/22616"}],"wp:attachment":[{"href":"https:\/\/www.esterpartners.com\/hu\/wp-json\/wp\/v2\/media?parent=21426"}],"wp:term":[{"taxonomy":"category","embeddable":true,"href":"https:\/\/www.esterpartners.com\/hu\/wp-json\/wp\/v2\/categories?post=21426"},{"taxonomy":"post_tag","embeddable":true,"href":"https:\/\/www.esterpartners.com\/hu\/wp-json\/wp\/v2\/tags?post=21426"}],"curies":[{"name":"wp","href":"https:\/\/api.w.org\/{rel}","templated":true}]}}