{"id":27153,"date":"2023-11-28T11:48:16","date_gmt":"2023-11-28T11:48:16","guid":{"rendered":"https:\/\/www.esterpartners.com\/?p=27153"},"modified":"2024-02-06T11:53:12","modified_gmt":"2024-02-06T11:53:12","slug":"flow-elmeny-es-friss-design-a-duna-partjan-megnyitott-a-zazie","status":"publish","type":"post","link":"https:\/\/www.esterpartners.com\/hu\/flow-elmeny-es-friss-design-a-duna-partjan-megnyitott-a-zazie\/","title":{"rendered":"Flow-\u00e9lm\u00e9ny \u00e9s friss design a Duna partj\u00e1n: megnyitott a Zazie"},"content":{"rendered":"<p>Az este\u2019r partners bels\u0151\u00e9p\u00edt\u00e9szeti koncepci\u00f3ja alapj\u00e1n val\u00f3sult meg a Mol Campus \u00faj \u00e9tterme, a Zazie Bistro&amp;Bar. A d\u00e9lel\u0151tt k\u00e1v\u00e9z\u00f3k\u00e9nt, napk\u00f6zben bisztr\u00f3k\u00e9nt, este pedig k\u00f6nnyed hangulat\u00fa b\u00e1rk\u00e9nt m\u0171k\u00f6d\u0151 Zazie tereiben igazi \u00e1raml\u00e1s\u00e9lm\u00e9nyben lehet r\u00e9sz\u00fcnk: a term\u00e9szet nemcsak a nagy \u00fcvegfel\u00fcleteken, de az enteri\u0151rben is bek\u00f6sz\u00f6n, a k\u00e9nyelmes lounge-r\u00e9szen kis \u00f6bl\u00f6kben pihenhet\u00fcnk, az \u00e9teleket pedig men\u0151 \u00e9ttermi bokszokban fogyaszthatjuk el.<\/p>\n<p><img fetchpriority=\"high\" decoding=\"async\" class=\"alignnone wp-image-27161 size-large\" src=\"https:\/\/www.esterpartners.com\/wp-content\/uploads\/2023\/11\/231119-VIL1-143-754x1024.jpg\" alt=\"\" width=\"580\" height=\"788\" srcset=\"https:\/\/www.esterpartners.com\/wp-content\/uploads\/2023\/11\/231119-VIL1-143-754x1024.jpg 754w, https:\/\/www.esterpartners.com\/wp-content\/uploads\/2023\/11\/231119-VIL1-143-221x300.jpg 221w, https:\/\/www.esterpartners.com\/wp-content\/uploads\/2023\/11\/231119-VIL1-143-768x1043.jpg 768w, https:\/\/www.esterpartners.com\/wp-content\/uploads\/2023\/11\/231119-VIL1-143-9x12.jpg 9w, https:\/\/www.esterpartners.com\/wp-content\/uploads\/2023\/11\/231119-VIL1-143.jpg 1105w\" sizes=\"(max-width: 580px) 100vw, 580px\" \/><\/p>\n<p><img decoding=\"async\" class=\"alignnone size-full wp-image-27154\" src=\"https:\/\/www.esterpartners.com\/wp-content\/uploads\/2023\/11\/231119-VIL1-112.jpg\" alt=\"\" width=\"1500\" height=\"1000\" srcset=\"https:\/\/www.esterpartners.com\/wp-content\/uploads\/2023\/11\/231119-VIL1-112.jpg 1500w, https:\/\/www.esterpartners.com\/wp-content\/uploads\/2023\/11\/231119-VIL1-112-300x200.jpg 300w, https:\/\/www.esterpartners.com\/wp-content\/uploads\/2023\/11\/231119-VIL1-112-1024x683.jpg 1024w, https:\/\/www.esterpartners.com\/wp-content\/uploads\/2023\/11\/231119-VIL1-112-768x512.jpg 768w, https:\/\/www.esterpartners.com\/wp-content\/uploads\/2023\/11\/231119-VIL1-112-18x12.jpg 18w, https:\/\/www.esterpartners.com\/wp-content\/uploads\/2023\/11\/231119-VIL1-112-1200x800.jpg 1200w\" sizes=\"(max-width: 1500px) 100vw, 1500px\" \/> <img decoding=\"async\" class=\"alignnone size-full wp-image-27158\" src=\"https:\/\/www.esterpartners.com\/wp-content\/uploads\/2023\/11\/231119-VIL1-224.jpg\" alt=\"\" width=\"1500\" height=\"1000\" srcset=\"https:\/\/www.esterpartners.com\/wp-content\/uploads\/2023\/11\/231119-VIL1-224.jpg 1500w, https:\/\/www.esterpartners.com\/wp-content\/uploads\/2023\/11\/231119-VIL1-224-300x200.jpg 300w, https:\/\/www.esterpartners.com\/wp-content\/uploads\/2023\/11\/231119-VIL1-224-1024x683.jpg 1024w, https:\/\/www.esterpartners.com\/wp-content\/uploads\/2023\/11\/231119-VIL1-224-768x512.jpg 768w, https:\/\/www.esterpartners.com\/wp-content\/uploads\/2023\/11\/231119-VIL1-224-18x12.jpg 18w, https:\/\/www.esterpartners.com\/wp-content\/uploads\/2023\/11\/231119-VIL1-224-1200x800.jpg 1200w\" sizes=\"(max-width: 1500px) 100vw, 1500px\" \/><\/p>\n<p>Budapesten kifejezetten kev\u00e9s az olyan \u00e9ttermi t\u00e9r, ahol egy hossz\u00fa eb\u00e9d vagy egy esti program alatt a foly\u00f3part k\u00f6zel\u00e9ben \u00fclhet\u00fcnk. A Mol Campus r\u00e1ad\u00e1sul k\u00fcl\u00f6nleges adotts\u00e1gokkal b\u00edr: m\u00edg a londoni Foster+Partners \u00e1ltal tervezett, modern magash\u00e1zban a kort\u00e1rs \u00e9p\u00edt\u00e9szet a k\u00f6zeg\u00fcnk, az \u00e9p\u00fcletb\u0151l a budai foly\u00f3part egykori gy\u00e1r\u00e9p\u00fcleteire l\u00e1thatunk r\u00e1, a L\u00e1gym\u00e1nyosi-\u00f6b\u00f6l folytat\u00e1s\u00e1ban. A modern \u00fcvegfel\u00fcletekhez, a leny\u0171g\u00f6z\u0151 l\u00e1tv\u00e1nyhoz \u00e9s a t\u00e1volban kirajzol\u00f3d\u00f3 r\u00e9gi ipari negyedhez sz\u00e9p term\u00e9szeti adotts\u00e1gok j\u00e1rnak: sz\u00e9lben t\u00e1ncol\u00f3 pampaf\u00fcvek, z\u00f6ld foly\u00f3part \u00e9s naps\u00fct\u00e9s.<\/p>\n<p><img loading=\"lazy\" decoding=\"async\" class=\"alignnone size-full wp-image-27155\" src=\"https:\/\/www.esterpartners.com\/wp-content\/uploads\/2023\/11\/231119-VIL1-129.jpg\" alt=\"\" width=\"1500\" height=\"1005\" srcset=\"https:\/\/www.esterpartners.com\/wp-content\/uploads\/2023\/11\/231119-VIL1-129.jpg 1500w, https:\/\/www.esterpartners.com\/wp-content\/uploads\/2023\/11\/231119-VIL1-129-300x201.jpg 300w, https:\/\/www.esterpartners.com\/wp-content\/uploads\/2023\/11\/231119-VIL1-129-1024x686.jpg 1024w, https:\/\/www.esterpartners.com\/wp-content\/uploads\/2023\/11\/231119-VIL1-129-768x515.jpg 768w, https:\/\/www.esterpartners.com\/wp-content\/uploads\/2023\/11\/231119-VIL1-129-18x12.jpg 18w, https:\/\/www.esterpartners.com\/wp-content\/uploads\/2023\/11\/231119-VIL1-129-1200x804.jpg 1200w\" sizes=\"(max-width: 1500px) 100vw, 1500px\" \/><\/p>\n<p><img loading=\"lazy\" decoding=\"async\" class=\"alignnone size-full wp-image-27163\" src=\"https:\/\/www.esterpartners.com\/wp-content\/uploads\/2023\/11\/231119-VIL1-120.jpg\" alt=\"\" width=\"1500\" height=\"1000\" srcset=\"https:\/\/www.esterpartners.com\/wp-content\/uploads\/2023\/11\/231119-VIL1-120.jpg 1500w, https:\/\/www.esterpartners.com\/wp-content\/uploads\/2023\/11\/231119-VIL1-120-300x200.jpg 300w, https:\/\/www.esterpartners.com\/wp-content\/uploads\/2023\/11\/231119-VIL1-120-1024x683.jpg 1024w, https:\/\/www.esterpartners.com\/wp-content\/uploads\/2023\/11\/231119-VIL1-120-768x512.jpg 768w, https:\/\/www.esterpartners.com\/wp-content\/uploads\/2023\/11\/231119-VIL1-120-18x12.jpg 18w, https:\/\/www.esterpartners.com\/wp-content\/uploads\/2023\/11\/231119-VIL1-120-1200x800.jpg 1200w\" sizes=\"(max-width: 1500px) 100vw, 1500px\" \/><\/p>\n<p>A bels\u0151\u00e9p\u00edt\u00e9sz csapat teh\u00e1t erre a \u2013 m\u00e1shol hi\u00e1nyz\u00f3 \u2013 budapesti Duna-\u00e9lm\u00e9nyre \u00e9p\u00edtett. A tervez\u00e9s egyik alapgondolata az volt, hogy az urb\u00e1nus, modern adotts\u00e1gokat, melyek az \u00e9p\u00fcletb\u0151l \u00e9s k\u00f6rnyezet\u00e9b\u0151l erednek, p\u00e1rba lehet \u00e1ll\u00edtani a term\u00e9szettel, hogy ebb\u0151l egy meghitt, h\u00edvogat\u00f3, k\u00f6nnyed enteri\u0151rt alak\u00edtsanak ki, ahol a munkanapok rutinj\u00e1b\u00f3l kiszakadva kikapcsol\u00f3dhat a l\u00e1togat\u00f3.<\/p>\n<p>\u201eAz \u00e9ttermi enteri\u0151r tervez\u00e9sekor az inspir\u00e1ci\u00f3nkat a dunai evez\u00e9s adta: az az \u00e9lm\u00e9ny, amikor megnyugtat\u00f3 lass\u00fas\u00e1ggal \u00e1ramlik alattad a foly\u00f3, be-beevezel a n\u00e1dasba \u00e9s mindenhol \u00faj, kis vil\u00e1gok ny\u00edlnak meg. Ezt szerett\u00fck volna leford\u00edtani a design nyelv\u00e9re egy olyan t\u00e9rrel, amely megnyugv\u00e1st ad, komfortot sugall, m\u00e9gis felpezsd\u00edt, att\u00f3l f\u00fcgg\u0151en, hogy melyik napszakban \u00e9rkezel\u201d \u2013 mondja Radn\u00f3czy Eszter bels\u0151\u00e9p\u00edt\u00e9sz, vezet\u0151 tervez\u0151.<\/p>\n<p><img loading=\"lazy\" decoding=\"async\" class=\"alignnone wp-image-27156 size-large\" src=\"https:\/\/www.esterpartners.com\/wp-content\/uploads\/2023\/11\/231119-VIL1-236-788x1024.jpg\" alt=\"\" width=\"580\" height=\"754\" srcset=\"https:\/\/www.esterpartners.com\/wp-content\/uploads\/2023\/11\/231119-VIL1-236-788x1024.jpg 788w, https:\/\/www.esterpartners.com\/wp-content\/uploads\/2023\/11\/231119-VIL1-236-231x300.jpg 231w, https:\/\/www.esterpartners.com\/wp-content\/uploads\/2023\/11\/231119-VIL1-236-768x998.jpg 768w, https:\/\/www.esterpartners.com\/wp-content\/uploads\/2023\/11\/231119-VIL1-236-9x12.jpg 9w, https:\/\/www.esterpartners.com\/wp-content\/uploads\/2023\/11\/231119-VIL1-236.jpg 1154w\" sizes=\"(max-width: 580px) 100vw, 580px\" \/><\/p>\n<p>Bel\u00e9p\u00e9skor a k\u00e1v\u00e9z\u00f3 r\u00e9szen sz\u00f3 szerint k\u00f6rbe\u00f6lelhet\u00fcnk egy f\u00e1t: itt akkor foglaljunk helyet, ha laptopr\u00f3l dolgozn\u00e1nk, vagy csak egy munkahelyi meetingre \u00fclt\u00fcnk be, amelynek \u00e9lm\u00e9ny\u00e9t k\u00e1v\u00e9 \u00e9s p\u00e9ks\u00fctem\u00e9nyek fokozz\u00e1k. Valamivel beljebb, az \u00e9tterem \u00f6bl\u00e9ben k\u00fcl\u00f6nleges lounge-z\u00f3na fogad minket: k\u00e9nyelmes kanap\u00e9k, fonott l\u00e1mp\u00e1k, term\u00e9szetk\u00f6zeli sz\u00ednek \u00e9s anyaghaszn\u00e1lat.<\/p>\n<p><img loading=\"lazy\" decoding=\"async\" class=\"alignnone size-full wp-image-27157\" src=\"https:\/\/www.esterpartners.com\/wp-content\/uploads\/2023\/11\/231119-VIL1-156.jpg\" alt=\"\" width=\"1500\" height=\"1029\" srcset=\"https:\/\/www.esterpartners.com\/wp-content\/uploads\/2023\/11\/231119-VIL1-156.jpg 1500w, https:\/\/www.esterpartners.com\/wp-content\/uploads\/2023\/11\/231119-VIL1-156-300x206.jpg 300w, https:\/\/www.esterpartners.com\/wp-content\/uploads\/2023\/11\/231119-VIL1-156-1024x702.jpg 1024w, https:\/\/www.esterpartners.com\/wp-content\/uploads\/2023\/11\/231119-VIL1-156-768x527.jpg 768w, https:\/\/www.esterpartners.com\/wp-content\/uploads\/2023\/11\/231119-VIL1-156-18x12.jpg 18w, https:\/\/www.esterpartners.com\/wp-content\/uploads\/2023\/11\/231119-VIL1-156-1200x823.jpg 1200w\" sizes=\"(max-width: 1500px) 100vw, 1500px\" \/><\/p>\n<p>A k\u00fcls\u0151 \u00fcveges h\u00e9jjal p\u00e1rhuzamosan hull\u00e1mz\u00f3 teljes bels\u0151 falat \u2013 amely egyben az \u00e9tterem konyhai r\u00e9sz\u00e9t is elv\u00e1lasztja a vend\u00e9gt\u00e9rt\u0151l \u2013 egy nagyon k\u00fcl\u00f6nleges \u00e1tt\u00f6rt anyag, a Mutina \u00e1ltal gy\u00e1rtott \u00e9getett r\u00e1csos d\u00edszt\u00e9gl\u00e1ja alkotja. A hat\u00e1st fokozza, hogy a nagy, \u00e1raml\u00f3, \u00edves fal felett a mennyezeten lebeg\u0151 textilek hull\u00e1moznak.<\/p>\n<p><img loading=\"lazy\" decoding=\"async\" class=\"alignnone size-full wp-image-27162\" src=\"https:\/\/www.esterpartners.com\/wp-content\/uploads\/2023\/11\/231119-VIL1-135.jpg\" alt=\"\" width=\"1500\" height=\"980\" srcset=\"https:\/\/www.esterpartners.com\/wp-content\/uploads\/2023\/11\/231119-VIL1-135.jpg 1500w, https:\/\/www.esterpartners.com\/wp-content\/uploads\/2023\/11\/231119-VIL1-135-300x196.jpg 300w, https:\/\/www.esterpartners.com\/wp-content\/uploads\/2023\/11\/231119-VIL1-135-1024x669.jpg 1024w, https:\/\/www.esterpartners.com\/wp-content\/uploads\/2023\/11\/231119-VIL1-135-768x502.jpg 768w, https:\/\/www.esterpartners.com\/wp-content\/uploads\/2023\/11\/231119-VIL1-135-18x12.jpg 18w, https:\/\/www.esterpartners.com\/wp-content\/uploads\/2023\/11\/231119-VIL1-135-1200x784.jpg 1200w\" sizes=\"(max-width: 1500px) 100vw, 1500px\" \/><\/p>\n<p>A padl\u00f3burkolat megfogalmaz\u00e1sa is az evez\u0151s \u00e9lm\u00e9nyre er\u0151s\u00edt r\u00e1, amikor egy nagy l\u00e9pt\u00e9k\u0171 terrazzo burkolatba bele\u00e1ramlik a sok apr\u00f3 k\u00f6rb\u0151l \u00e1ll\u00f3 v\u00f6r\u00f6ses k\u00f6rmozaik \u00e9s vezeti v\u00e9gig a vend\u00e9get a legh\u00e1ts\u00f3 sarokig. Ezt az \u00e1raml\u00e1st lek\u00e9pezi az egyedi mint\u00e1val k\u00e9sz\u00edtett, a habz\u00f3 foly\u00f3t id\u00e9z\u0151 sz\u00ednes sz\u0151nyeg is,\u00a0 amelyet az este\u2019r partners tervei alapj\u00e1n val\u00f3s\u00edtott meg az olasz Radici gy\u00e1r. Ebbe az egys\u00e9ges \u00e9s m\u00e9gis soksz\u00edn\u0171 anyagv\u00e1lt\u00e1sba harap bele a mosott f\u00e1t szimboliz\u00e1l\u00f3 tr\u00f3pusi padl\u00f3burkolat, mely a L\u00e1gym\u00e1nyosi-\u00f6bl\u00f6t id\u00e9zi.<\/p>\n<p><img loading=\"lazy\" decoding=\"async\" class=\"alignnone size-full wp-image-27160\" src=\"https:\/\/www.esterpartners.com\/wp-content\/uploads\/2023\/11\/231119-VIL1-196.jpg\" alt=\"\" width=\"1179\" height=\"1500\" srcset=\"https:\/\/www.esterpartners.com\/wp-content\/uploads\/2023\/11\/231119-VIL1-196.jpg 1179w, https:\/\/www.esterpartners.com\/wp-content\/uploads\/2023\/11\/231119-VIL1-196-236x300.jpg 236w, https:\/\/www.esterpartners.com\/wp-content\/uploads\/2023\/11\/231119-VIL1-196-805x1024.jpg 805w, https:\/\/www.esterpartners.com\/wp-content\/uploads\/2023\/11\/231119-VIL1-196-768x977.jpg 768w, https:\/\/www.esterpartners.com\/wp-content\/uploads\/2023\/11\/231119-VIL1-196-9x12.jpg 9w\" sizes=\"(max-width: 1179px) 100vw, 1179px\" \/><\/p>\n<p>Az \u00e9tterem asztalai kialak\u00edt\u00e1sukn\u00e1l fogva a legk\u00fcl\u00f6nb\u00f6z\u0151bb \u00e9lm\u00e9nyt k\u00edn\u00e1lj\u00e1k: lehet \u00edves bokszokban vagy lugasos be\u00fcl\u0151kben helyet foglalni, t\u00f6bb kil\u00e1t\u00e1ssal vagy \u00e9pp jobban elvonulva. Az exkluz\u00edv esem\u00e9nyeknek dedik\u00e1lt r\u00e9sz egy magas\u00edtott egys\u00e9gben kapott helyett: a friss design \u00e9s a priv\u00e1t besz\u00e9lget\u00e9sek tere adott, a panor\u00e1ma pedig v\u00e1ltozatlan.<\/p>\n<p>Az \u00e9ttermi r\u00e9szen egyedi tervez\u00e9s\u0171 k\u00e1rpit vezeti a szemet, amelyet a piacvezet\u0151 olasz textilgy\u00e1r, a Flukso anyagaira k\u00e9sz\u00edtett saj\u00e1t tervez\u00e9s\u0171 mint\u00e1val k\u00e9pzelt el az este\u2019r partners. A mozgalmas mint\u00e1t r\u00f3zsasz\u00ednes-barackos t\u00f3nusok ellens\u00falyozz\u00e1k, az oszlopokat alul p\u00e1rnaszer\u0171, puha burkolat fedi.<\/p>\n<p>A Zazie-ban a design-\u00e9lm\u00e9ny h\u00f6mp\u00f6ly\u00f6g, a foly\u00f3 viz\u00e9n ringat, meg\u00e9rkez\u00fcnk.<\/p>\n<p><img loading=\"lazy\" decoding=\"async\" class=\"alignnone size-full wp-image-27159\" src=\"https:\/\/www.esterpartners.com\/wp-content\/uploads\/2023\/11\/231119-VIL1-185.jpg\" alt=\"\" width=\"1096\" height=\"1500\" \/><\/p>\n<p>Fot\u00f3: Vill\u00e1nyi Csaba<\/p>","protected":false},"excerpt":{"rendered":"<p>Az este\u2019r partners bels\u0151\u00e9p\u00edt\u00e9szeti koncepci\u00f3ja alapj\u00e1n val\u00f3sult meg a Mol Campus \u00faj \u00e9tterme, a Zazie Bistro&amp;Bar. A d\u00e9lel\u0151tt k\u00e1v\u00e9z\u00f3k\u00e9nt, napk\u00f6zben bisztr\u00f3k\u00e9nt, este pedig k\u00f6nnyed hangulat\u00fa b\u00e1rk\u00e9nt m\u0171k\u00f6d\u0151 Zazie tereiben igazi \u00e1raml\u00e1s\u00e9lm\u00e9nyben lehet r\u00e9sz\u00fcnk: a term\u00e9szet nemcsak a nagy \u00fcvegfel\u00fcleteken, de az enteri\u0151rben is bek\u00f6sz\u00f6n, a k\u00e9nyelmes lounge-r\u00e9szen kis \u00f6bl\u00f6kben pihenhet\u00fcnk, az \u00e9teleket pedig men\u0151 \u00e9ttermi [&hellip;]<\/p>\n","protected":false},"author":2,"featured_media":27162,"comment_status":"closed","ping_status":"closed","sticky":false,"template":"","format":"standard","meta":{"footnotes":""},"categories":[18],"tags":[24],"class_list":["post-27153","post","type-post","status-publish","format-standard","has-post-thumbnail","hentry","category-kivitelezes","tag-magyar"],"yoast_head":"<!-- This site is optimized with the Yoast SEO plugin v27.5 - https:\/\/yoast.com\/product\/yoast-seo-wordpress\/ -->\n<title>Flow-\u00e9lm\u00e9ny \u00e9s friss design a Duna partj\u00e1n: megnyitott a Zazie - esterpartners<\/title>\n<meta name=\"robots\" content=\"index, follow, max-snippet:-1, max-image-preview:large, max-video-preview:-1\" \/>\n<link rel=\"canonical\" href=\"https:\/\/www.esterpartners.com\/hu\/flow-elmeny-es-friss-design-a-duna-partjan-megnyitott-a-zazie\/\" \/>\n<meta property=\"og:locale\" content=\"hu_HU\" \/>\n<meta property=\"og:type\" content=\"article\" \/>\n<meta property=\"og:title\" content=\"Flow-\u00e9lm\u00e9ny \u00e9s friss design a Duna partj\u00e1n: megnyitott a Zazie - esterpartners\" \/>\n<meta property=\"og:description\" content=\"Az este\u2019r partners bels\u0151\u00e9p\u00edt\u00e9szeti koncepci\u00f3ja alapj\u00e1n val\u00f3sult meg a Mol Campus \u00faj \u00e9tterme, a Zazie Bistro&amp;Bar. A d\u00e9lel\u0151tt k\u00e1v\u00e9z\u00f3k\u00e9nt, napk\u00f6zben bisztr\u00f3k\u00e9nt, este pedig k\u00f6nnyed hangulat\u00fa b\u00e1rk\u00e9nt m\u0171k\u00f6d\u0151 Zazie tereiben igazi \u00e1raml\u00e1s\u00e9lm\u00e9nyben lehet r\u00e9sz\u00fcnk: a term\u00e9szet nemcsak a nagy \u00fcvegfel\u00fcleteken, de az enteri\u0151rben is bek\u00f6sz\u00f6n, a k\u00e9nyelmes lounge-r\u00e9szen kis \u00f6bl\u00f6kben pihenhet\u00fcnk, az \u00e9teleket pedig men\u0151 \u00e9ttermi [&hellip;]\" \/>\n<meta property=\"og:url\" content=\"https:\/\/www.esterpartners.com\/hu\/flow-elmeny-es-friss-design-a-duna-partjan-megnyitott-a-zazie\/\" \/>\n<meta property=\"og:site_name\" content=\"esterpartners\" \/>\n<meta property=\"article:publisher\" content=\"https:\/\/www.facebook.com\/esterpartners\" \/>\n<meta property=\"article:published_time\" content=\"2023-11-28T11:48:16+00:00\" \/>\n<meta property=\"article:modified_time\" content=\"2024-02-06T11:53:12+00:00\" \/>\n<meta property=\"og:image\" content=\"https:\/\/www.esterpartners.com\/wp-content\/uploads\/2023\/11\/231119-VIL1-135.jpg\" \/>\n\t<meta property=\"og:image:width\" content=\"1500\" \/>\n\t<meta property=\"og:image:height\" content=\"980\" \/>\n\t<meta property=\"og:image:type\" content=\"image\/jpeg\" \/>\n<meta name=\"author\" content=\"Bianka B\u00e1n\u00f3czi\" \/>\n<meta name=\"twitter:card\" content=\"summary_large_image\" \/>\n<meta name=\"twitter:label1\" content=\"Szerz\u0151:\" \/>\n\t<meta name=\"twitter:data1\" content=\"Bianka B\u00e1n\u00f3czi\" \/>\n\t<meta name=\"twitter:label2\" content=\"Becs\u00fclt olvas\u00e1si id\u0151\" \/>\n\t<meta name=\"twitter:data2\" content=\"5 perc\" \/>\n<script type=\"application\/ld+json\" class=\"yoast-schema-graph\">{\"@context\":\"https:\\\/\\\/schema.org\",\"@graph\":[{\"@type\":\"Article\",\"@id\":\"https:\\\/\\\/www.esterpartners.com\\\/flow-elmeny-es-friss-design-a-duna-partjan-megnyitott-a-zazie\\\/#article\",\"isPartOf\":{\"@id\":\"https:\\\/\\\/www.esterpartners.com\\\/flow-elmeny-es-friss-design-a-duna-partjan-megnyitott-a-zazie\\\/\"},\"author\":{\"name\":\"Bianka B\u00e1n\u00f3czi\",\"@id\":\"https:\\\/\\\/www.esterpartners.com\\\/#\\\/schema\\\/person\\\/f066f933de7cf20b1c60605e6d9b9c22\"},\"headline\":\"Flow-\u00e9lm\u00e9ny \u00e9s friss design a Duna partj\u00e1n: megnyitott a Zazie\",\"datePublished\":\"2023-11-28T11:48:16+00:00\",\"dateModified\":\"2024-02-06T11:53:12+00:00\",\"mainEntityOfPage\":{\"@id\":\"https:\\\/\\\/www.esterpartners.com\\\/flow-elmeny-es-friss-design-a-duna-partjan-megnyitott-a-zazie\\\/\"},\"wordCount\":818,\"publisher\":{\"@id\":\"https:\\\/\\\/www.esterpartners.com\\\/#organization\"},\"image\":{\"@id\":\"https:\\\/\\\/www.esterpartners.com\\\/flow-elmeny-es-friss-design-a-duna-partjan-megnyitott-a-zazie\\\/#primaryimage\"},\"thumbnailUrl\":\"https:\\\/\\\/www.esterpartners.com\\\/wp-content\\\/uploads\\\/2023\\\/11\\\/231119-VIL1-135.jpg\",\"keywords\":[\"Magyar\"],\"articleSection\":[\"Kivitelez\u00e9s\"],\"inLanguage\":\"hu\"},{\"@type\":\"WebPage\",\"@id\":\"https:\\\/\\\/www.esterpartners.com\\\/flow-elmeny-es-friss-design-a-duna-partjan-megnyitott-a-zazie\\\/\",\"url\":\"https:\\\/\\\/www.esterpartners.com\\\/flow-elmeny-es-friss-design-a-duna-partjan-megnyitott-a-zazie\\\/\",\"name\":\"Flow-\u00e9lm\u00e9ny \u00e9s friss design a Duna partj\u00e1n: megnyitott a Zazie - esterpartners\",\"isPartOf\":{\"@id\":\"https:\\\/\\\/www.esterpartners.com\\\/#website\"},\"primaryImageOfPage\":{\"@id\":\"https:\\\/\\\/www.esterpartners.com\\\/flow-elmeny-es-friss-design-a-duna-partjan-megnyitott-a-zazie\\\/#primaryimage\"},\"image\":{\"@id\":\"https:\\\/\\\/www.esterpartners.com\\\/flow-elmeny-es-friss-design-a-duna-partjan-megnyitott-a-zazie\\\/#primaryimage\"},\"thumbnailUrl\":\"https:\\\/\\\/www.esterpartners.com\\\/wp-content\\\/uploads\\\/2023\\\/11\\\/231119-VIL1-135.jpg\",\"datePublished\":\"2023-11-28T11:48:16+00:00\",\"dateModified\":\"2024-02-06T11:53:12+00:00\",\"breadcrumb\":{\"@id\":\"https:\\\/\\\/www.esterpartners.com\\\/flow-elmeny-es-friss-design-a-duna-partjan-megnyitott-a-zazie\\\/#breadcrumb\"},\"inLanguage\":\"hu\",\"potentialAction\":[{\"@type\":\"ReadAction\",\"target\":[\"https:\\\/\\\/www.esterpartners.com\\\/flow-elmeny-es-friss-design-a-duna-partjan-megnyitott-a-zazie\\\/\"]}]},{\"@type\":\"ImageObject\",\"inLanguage\":\"hu\",\"@id\":\"https:\\\/\\\/www.esterpartners.com\\\/flow-elmeny-es-friss-design-a-duna-partjan-megnyitott-a-zazie\\\/#primaryimage\",\"url\":\"https:\\\/\\\/www.esterpartners.com\\\/wp-content\\\/uploads\\\/2023\\\/11\\\/231119-VIL1-135.jpg\",\"contentUrl\":\"https:\\\/\\\/www.esterpartners.com\\\/wp-content\\\/uploads\\\/2023\\\/11\\\/231119-VIL1-135.jpg\",\"width\":1500,\"height\":980},{\"@type\":\"BreadcrumbList\",\"@id\":\"https:\\\/\\\/www.esterpartners.com\\\/flow-elmeny-es-friss-design-a-duna-partjan-megnyitott-a-zazie\\\/#breadcrumb\",\"itemListElement\":[{\"@type\":\"ListItem\",\"position\":1,\"name\":\"Home\",\"item\":\"https:\\\/\\\/www.esterpartners.com\\\/\"},{\"@type\":\"ListItem\",\"position\":2,\"name\":\"Flow-\u00e9lm\u00e9ny \u00e9s friss design a Duna partj\u00e1n: megnyitott a Zazie\"}]},{\"@type\":\"WebSite\",\"@id\":\"https:\\\/\\\/www.esterpartners.com\\\/#website\",\"url\":\"https:\\\/\\\/www.esterpartners.com\\\/\",\"name\":\"esterpartners\",\"description\":\"interior architecture\",\"publisher\":{\"@id\":\"https:\\\/\\\/www.esterpartners.com\\\/#organization\"},\"potentialAction\":[{\"@type\":\"SearchAction\",\"target\":{\"@type\":\"EntryPoint\",\"urlTemplate\":\"https:\\\/\\\/www.esterpartners.com\\\/?s={search_term_string}\"},\"query-input\":{\"@type\":\"PropertyValueSpecification\",\"valueRequired\":true,\"valueName\":\"search_term_string\"}}],\"inLanguage\":\"hu\"},{\"@type\":\"Organization\",\"@id\":\"https:\\\/\\\/www.esterpartners.com\\\/#organization\",\"name\":\"esterpartners\",\"url\":\"https:\\\/\\\/www.esterpartners.com\\\/\",\"logo\":{\"@type\":\"ImageObject\",\"inLanguage\":\"hu\",\"@id\":\"https:\\\/\\\/www.esterpartners.com\\\/#\\\/schema\\\/logo\\\/image\\\/\",\"url\":\"https:\\\/\\\/www.esterpartners.com\\\/wp-content\\\/uploads\\\/2023\\\/04\\\/ESTERPARTNERS__logo_full_black.png\",\"contentUrl\":\"https:\\\/\\\/www.esterpartners.com\\\/wp-content\\\/uploads\\\/2023\\\/04\\\/ESTERPARTNERS__logo_full_black.png\",\"width\":2354,\"height\":911,\"caption\":\"esterpartners\"},\"image\":{\"@id\":\"https:\\\/\\\/www.esterpartners.com\\\/#\\\/schema\\\/logo\\\/image\\\/\"},\"sameAs\":[\"https:\\\/\\\/www.facebook.com\\\/esterpartners\"]},{\"@type\":\"Person\",\"@id\":\"https:\\\/\\\/www.esterpartners.com\\\/#\\\/schema\\\/person\\\/f066f933de7cf20b1c60605e6d9b9c22\",\"name\":\"Bianka B\u00e1n\u00f3czi\",\"image\":{\"@type\":\"ImageObject\",\"inLanguage\":\"hu\",\"@id\":\"https:\\\/\\\/secure.gravatar.com\\\/avatar\\\/9264f31ae429a9a0b09282a886d4f9b2c674bc58224aa8b7c6bdd5e30563493c?s=96&d=mm&r=g\",\"url\":\"https:\\\/\\\/secure.gravatar.com\\\/avatar\\\/9264f31ae429a9a0b09282a886d4f9b2c674bc58224aa8b7c6bdd5e30563493c?s=96&d=mm&r=g\",\"contentUrl\":\"https:\\\/\\\/secure.gravatar.com\\\/avatar\\\/9264f31ae429a9a0b09282a886d4f9b2c674bc58224aa8b7c6bdd5e30563493c?s=96&d=mm&r=g\",\"caption\":\"Bianka B\u00e1n\u00f3czi\"},\"url\":\"https:\\\/\\\/www.esterpartners.com\\\/hu\\\/author\\\/bianka\\\/\"}]}<\/script>\n<!-- \/ Yoast SEO plugin. -->","yoast_head_json":{"title":"Flow-\u00e9lm\u00e9ny \u00e9s friss design a Duna partj\u00e1n: megnyitott a Zazie - esterpartners","robots":{"index":"index","follow":"follow","max-snippet":"max-snippet:-1","max-image-preview":"max-image-preview:large","max-video-preview":"max-video-preview:-1"},"canonical":"https:\/\/www.esterpartners.com\/hu\/flow-elmeny-es-friss-design-a-duna-partjan-megnyitott-a-zazie\/","og_locale":"hu_HU","og_type":"article","og_title":"Flow-\u00e9lm\u00e9ny \u00e9s friss design a Duna partj\u00e1n: megnyitott a Zazie - esterpartners","og_description":"Az este\u2019r partners bels\u0151\u00e9p\u00edt\u00e9szeti koncepci\u00f3ja alapj\u00e1n val\u00f3sult meg a Mol Campus \u00faj \u00e9tterme, a Zazie Bistro&amp;Bar. A d\u00e9lel\u0151tt k\u00e1v\u00e9z\u00f3k\u00e9nt, napk\u00f6zben bisztr\u00f3k\u00e9nt, este pedig k\u00f6nnyed hangulat\u00fa b\u00e1rk\u00e9nt m\u0171k\u00f6d\u0151 Zazie tereiben igazi \u00e1raml\u00e1s\u00e9lm\u00e9nyben lehet r\u00e9sz\u00fcnk: a term\u00e9szet nemcsak a nagy \u00fcvegfel\u00fcleteken, de az enteri\u0151rben is bek\u00f6sz\u00f6n, a k\u00e9nyelmes lounge-r\u00e9szen kis \u00f6bl\u00f6kben pihenhet\u00fcnk, az \u00e9teleket pedig men\u0151 \u00e9ttermi [&hellip;]","og_url":"https:\/\/www.esterpartners.com\/hu\/flow-elmeny-es-friss-design-a-duna-partjan-megnyitott-a-zazie\/","og_site_name":"esterpartners","article_publisher":"https:\/\/www.facebook.com\/esterpartners","article_published_time":"2023-11-28T11:48:16+00:00","article_modified_time":"2024-02-06T11:53:12+00:00","og_image":[{"width":1500,"height":980,"url":"https:\/\/www.esterpartners.com\/wp-content\/uploads\/2023\/11\/231119-VIL1-135.jpg","type":"image\/jpeg"}],"author":"Bianka B\u00e1n\u00f3czi","twitter_card":"summary_large_image","twitter_misc":{"Szerz\u0151:":"Bianka B\u00e1n\u00f3czi","Becs\u00fclt olvas\u00e1si id\u0151":"5 perc"},"schema":{"@context":"https:\/\/schema.org","@graph":[{"@type":"Article","@id":"https:\/\/www.esterpartners.com\/flow-elmeny-es-friss-design-a-duna-partjan-megnyitott-a-zazie\/#article","isPartOf":{"@id":"https:\/\/www.esterpartners.com\/flow-elmeny-es-friss-design-a-duna-partjan-megnyitott-a-zazie\/"},"author":{"name":"Bianka B\u00e1n\u00f3czi","@id":"https:\/\/www.esterpartners.com\/#\/schema\/person\/f066f933de7cf20b1c60605e6d9b9c22"},"headline":"Flow-\u00e9lm\u00e9ny \u00e9s friss design a Duna partj\u00e1n: megnyitott a Zazie","datePublished":"2023-11-28T11:48:16+00:00","dateModified":"2024-02-06T11:53:12+00:00","mainEntityOfPage":{"@id":"https:\/\/www.esterpartners.com\/flow-elmeny-es-friss-design-a-duna-partjan-megnyitott-a-zazie\/"},"wordCount":818,"publisher":{"@id":"https:\/\/www.esterpartners.com\/#organization"},"image":{"@id":"https:\/\/www.esterpartners.com\/flow-elmeny-es-friss-design-a-duna-partjan-megnyitott-a-zazie\/#primaryimage"},"thumbnailUrl":"https:\/\/www.esterpartners.com\/wp-content\/uploads\/2023\/11\/231119-VIL1-135.jpg","keywords":["Magyar"],"articleSection":["Kivitelez\u00e9s"],"inLanguage":"hu"},{"@type":"WebPage","@id":"https:\/\/www.esterpartners.com\/flow-elmeny-es-friss-design-a-duna-partjan-megnyitott-a-zazie\/","url":"https:\/\/www.esterpartners.com\/flow-elmeny-es-friss-design-a-duna-partjan-megnyitott-a-zazie\/","name":"Flow-\u00e9lm\u00e9ny \u00e9s friss design a Duna partj\u00e1n: megnyitott a Zazie - esterpartners","isPartOf":{"@id":"https:\/\/www.esterpartners.com\/#website"},"primaryImageOfPage":{"@id":"https:\/\/www.esterpartners.com\/flow-elmeny-es-friss-design-a-duna-partjan-megnyitott-a-zazie\/#primaryimage"},"image":{"@id":"https:\/\/www.esterpartners.com\/flow-elmeny-es-friss-design-a-duna-partjan-megnyitott-a-zazie\/#primaryimage"},"thumbnailUrl":"https:\/\/www.esterpartners.com\/wp-content\/uploads\/2023\/11\/231119-VIL1-135.jpg","datePublished":"2023-11-28T11:48:16+00:00","dateModified":"2024-02-06T11:53:12+00:00","breadcrumb":{"@id":"https:\/\/www.esterpartners.com\/flow-elmeny-es-friss-design-a-duna-partjan-megnyitott-a-zazie\/#breadcrumb"},"inLanguage":"hu","potentialAction":[{"@type":"ReadAction","target":["https:\/\/www.esterpartners.com\/flow-elmeny-es-friss-design-a-duna-partjan-megnyitott-a-zazie\/"]}]},{"@type":"ImageObject","inLanguage":"hu","@id":"https:\/\/www.esterpartners.com\/flow-elmeny-es-friss-design-a-duna-partjan-megnyitott-a-zazie\/#primaryimage","url":"https:\/\/www.esterpartners.com\/wp-content\/uploads\/2023\/11\/231119-VIL1-135.jpg","contentUrl":"https:\/\/www.esterpartners.com\/wp-content\/uploads\/2023\/11\/231119-VIL1-135.jpg","width":1500,"height":980},{"@type":"BreadcrumbList","@id":"https:\/\/www.esterpartners.com\/flow-elmeny-es-friss-design-a-duna-partjan-megnyitott-a-zazie\/#breadcrumb","itemListElement":[{"@type":"ListItem","position":1,"name":"Home","item":"https:\/\/www.esterpartners.com\/"},{"@type":"ListItem","position":2,"name":"Flow-\u00e9lm\u00e9ny \u00e9s friss design a Duna partj\u00e1n: megnyitott a Zazie"}]},{"@type":"WebSite","@id":"https:\/\/www.esterpartners.com\/#website","url":"https:\/\/www.esterpartners.com\/","name":"esterpartners","description":"interior architecture","publisher":{"@id":"https:\/\/www.esterpartners.com\/#organization"},"potentialAction":[{"@type":"SearchAction","target":{"@type":"EntryPoint","urlTemplate":"https:\/\/www.esterpartners.com\/?s={search_term_string}"},"query-input":{"@type":"PropertyValueSpecification","valueRequired":true,"valueName":"search_term_string"}}],"inLanguage":"hu"},{"@type":"Organization","@id":"https:\/\/www.esterpartners.com\/#organization","name":"esterpartners","url":"https:\/\/www.esterpartners.com\/","logo":{"@type":"ImageObject","inLanguage":"hu","@id":"https:\/\/www.esterpartners.com\/#\/schema\/logo\/image\/","url":"https:\/\/www.esterpartners.com\/wp-content\/uploads\/2023\/04\/ESTERPARTNERS__logo_full_black.png","contentUrl":"https:\/\/www.esterpartners.com\/wp-content\/uploads\/2023\/04\/ESTERPARTNERS__logo_full_black.png","width":2354,"height":911,"caption":"esterpartners"},"image":{"@id":"https:\/\/www.esterpartners.com\/#\/schema\/logo\/image\/"},"sameAs":["https:\/\/www.facebook.com\/esterpartners"]},{"@type":"Person","@id":"https:\/\/www.esterpartners.com\/#\/schema\/person\/f066f933de7cf20b1c60605e6d9b9c22","name":"Bianka B\u00e1n\u00f3czi","image":{"@type":"ImageObject","inLanguage":"hu","@id":"https:\/\/secure.gravatar.com\/avatar\/9264f31ae429a9a0b09282a886d4f9b2c674bc58224aa8b7c6bdd5e30563493c?s=96&d=mm&r=g","url":"https:\/\/secure.gravatar.com\/avatar\/9264f31ae429a9a0b09282a886d4f9b2c674bc58224aa8b7c6bdd5e30563493c?s=96&d=mm&r=g","contentUrl":"https:\/\/secure.gravatar.com\/avatar\/9264f31ae429a9a0b09282a886d4f9b2c674bc58224aa8b7c6bdd5e30563493c?s=96&d=mm&r=g","caption":"Bianka B\u00e1n\u00f3czi"},"url":"https:\/\/www.esterpartners.com\/hu\/author\/bianka\/"}]}},"_links":{"self":[{"href":"https:\/\/www.esterpartners.com\/hu\/wp-json\/wp\/v2\/posts\/27153","targetHints":{"allow":["GET"]}}],"collection":[{"href":"https:\/\/www.esterpartners.com\/hu\/wp-json\/wp\/v2\/posts"}],"about":[{"href":"https:\/\/www.esterpartners.com\/hu\/wp-json\/wp\/v2\/types\/post"}],"author":[{"embeddable":true,"href":"https:\/\/www.esterpartners.com\/hu\/wp-json\/wp\/v2\/users\/2"}],"replies":[{"embeddable":true,"href":"https:\/\/www.esterpartners.com\/hu\/wp-json\/wp\/v2\/comments?post=27153"}],"version-history":[{"count":0,"href":"https:\/\/www.esterpartners.com\/hu\/wp-json\/wp\/v2\/posts\/27153\/revisions"}],"wp:featuredmedia":[{"embeddable":true,"href":"https:\/\/www.esterpartners.com\/hu\/wp-json\/wp\/v2\/media\/27162"}],"wp:attachment":[{"href":"https:\/\/www.esterpartners.com\/hu\/wp-json\/wp\/v2\/media?parent=27153"}],"wp:term":[{"taxonomy":"category","embeddable":true,"href":"https:\/\/www.esterpartners.com\/hu\/wp-json\/wp\/v2\/categories?post=27153"},{"taxonomy":"post_tag","embeddable":true,"href":"https:\/\/www.esterpartners.com\/hu\/wp-json\/wp\/v2\/tags?post=27153"}],"curies":[{"name":"wp","href":"https:\/\/api.w.org\/{rel}","templated":true}]}}