{"id":8674,"date":"2019-11-14T09:02:53","date_gmt":"2019-11-14T09:02:53","guid":{"rendered":"https:\/\/www.esterpartners.com\/?p=4366"},"modified":"2023-05-04T15:29:04","modified_gmt":"2023-05-04T15:29:04","slug":"bemutatjuk-kollegainkat-zellei-hajnalka","status":"publish","type":"post","link":"https:\/\/www.esterpartners.com\/hu\/bemutatjuk-kollegainkat-zellei-hajnalka\/","title":{"rendered":"Bemutatjuk koll\u00e9g\u00e1inkat: Zellei Hajnalka"},"content":{"rendered":"<p>\u00daj sorozatunkban bemutatjuk a koll\u00e9g\u00e1inkat, akik munk\u00e1jukkal, kreativit\u00e1sukkal \u00e9s szakmai eredm\u00e9nyeikkel nap mint nap alak\u00edtj\u00e1k az <strong>az este'r partners<\/strong> m\u00e1rka \u00e9let\u00e9t. A sorozat m\u00e1sodik r\u00e9sz\u00e9ben <strong>Zellei Hajnalka bels\u0151\u00e9p\u00edt\u00e9sz<\/strong> koll\u00e9gan\u0151nket k\u00e9rdezt\u00fck a szakm\u00e1j\u00e1hoz val\u00f3 viszony\u00e1r\u00f3l, kih\u00edv\u00e1sair\u00f3l \u00e9s a besz\u00e9lget\u00e9s\u00fcnkben el\u0151ker\u00fcl\u0151 skandin\u00e1v formavil\u00e1gr\u00f3l.<\/p>\n<p><strong>Hajni, mit jelent sz\u00e1modra a bels\u0151\u00e9p\u00edt\u00e9szet, mit szeretsz benne? <\/strong><\/p>\n<p>Mindig is \u00e9rdekeltek a bels\u0151 terek, gyerekk\u00e9nt a b\u00fatorokat tologatva pr\u00f3b\u00e1ltam jobb\u00e1, funkcion\u00e1lisabb\u00e1 tenni a helyis\u00e9geket. Az eszt\u00e9tik\u00e1n t\u00fal m\u00e1r akkor is sokat gondolkoztam azon, hogyan tehet\u0151 \u00e9lhet\u0151bb\u00e9 a k\u00f6rnyezet\u00fcnk. Noha az iskol\u00e1im kapcs\u00e1n olykor elkanyarodtam ett\u0151l a vil\u00e1gt\u00f3l, m\u00e9gis mindig visszatal\u00e1ltam r\u00e1. Ez egy alkalmazott m\u0171v\u00e9szeti \u00e1g, ami egyszerre ad rendk\u00edv\u00fcl nagy szabads\u00e1got \u00e9s fejleszti az alkalmazkod\u00f3 k\u00e9pess\u00e9get, hiszen a megrendel\u0151k ig\u00e9nyeinek kell eleget tenni. Ezt a kett\u0151ss\u00e9get szeretem benne. Itt van egy megk\u00f6t\u00e9s, egy szab\u00e1lyrendszer, van egy kiszolg\u00e1l\u00f3 r\u00e9sze, de m\u00e9gis megvan benne a saj\u00e1t szabads\u00e1gom is.<\/p>\n<p>&nbsp;<\/p>\n<p><strong>Hogyan lehet \u00e9lhet\u0151v\u00e9 tenni a tereket?<\/strong><\/p>\n<p>Alapvet\u0151en mindig az egy\u00e9nb\u0151l kell kiindulni, \u00edgy a bels\u0151\u00e9p\u00edt\u00e9szeten t\u00fal engem a pszichol\u00f3gia, az emberek m\u0171k\u00f6d\u00e9se, motiv\u00e1ci\u00f3ja is nagyon \u00e9rdekel. Sz\u00e1momra ez\u00e9rt is \u00e9rdekes a munk\u00e1nk, mert minden egyes projekt, minden egyes ember egy teljesen \u00faj vil\u00e1got nyit meg, amibe bele kell \u00e9lj\u00fck magunkat. Adott esetben nem biztos, hogy ez a k\u00e9t vil\u00e1g egyezik, de meg kell tanulnunk hozz\u00e1juk igazodni \u00e9s kicsit feladni \u00f6nmagunkat. Ez bonyolult, de ann\u00e1l \u00e9rdekesebb munk\u00e1t eredm\u00e9nyez.<\/p>\n<p><strong>Tervez\u00e9s k\u00f6zben a saj\u00e1t vil\u00e1god elenged\u00e9se mennyire siker\u00fcl? <\/strong><\/p>\n<p>Att\u00f3l f\u00fcgg, mennyire \u00e1ll t\u00e1vol t\u0151lem az \u00fcgyf\u00e9l \u00edzl\u00e9se, ha nagyon, akkor ez neh\u00e9z, de mindig belecsemp\u00e9szek valamit a tervbe az \u00e9n vil\u00e1gomb\u00f3l, n\u00e9zeteimb\u0151l. Alapvet\u0151en a letisztult, skandin\u00e1v vonal \u00e1ll hozz\u00e1m k\u00f6zel, ami a 2000-es \u00e9vek elej\u00e9n volt jellemz\u0151, ma ink\u00e1bb tobz\u00f3dunk a k\u00fcl\u00f6nb\u00f6z\u0151 st\u00edlusokban. Ma mindent lehet, ez egy \u00e9rdekes j\u00e1t\u00e9k, viszont t\u00f6rekedni kell r\u00e1, hogy egy elrugaszkodott \u00edzl\u00e9svil\u00e1g\u00fa \u00fcgyf\u00e9llel is meg\u00e9rtess\u00fck, hol a hat\u00e1r a m\u00e9g \u00edzl\u00e9ses \u00e9s a giccs k\u00f6z\u00f6tt. Ez k\u00fcl\u00f6n\u00f6sen csal\u00e1di h\u00e1z tervez\u00e9sn\u00e9l j\u00f6n el\u0151, ahol a megrendel\u0151 a rengeteg behat\u00e1s miatt bizonytalan. Tobz\u00f3dik a k\u00fcl\u00f6nb\u00f6z\u0151 st\u00edlusokban \u00e9s nem tudja megfogalmazni, mi az, ami val\u00f3j\u00e1ban tetszik neki, mert mindegyikkel tud azonosulni. Nek\u00fcnk feladatunk, hogy ebben a k\u00e1oszban utat mutassunk neki \u00e9s seg\u00edts\u00fcnk megtal\u00e1lni \u00f6nmag\u00e1t.<\/p>\n<p><strong>Ma a st\u00edlusok kevered\u00e9se \u00e9s a hat\u00e1rtalans\u00e1g jellemzi a vil\u00e1gunkat. Ebben a tobz\u00f3d\u00e1sban hogyan lehet az emberek sz\u00e9p\u00e9rz\u00e9k\u00e9t fejleszteni? <\/strong><\/p>\n<p>Ez egy nagyon neh\u00e9z feladat, mert mi az hogy sz\u00e9p? Mi az, ami tetszik? Ez relat\u00edv. Az A3 \u00e9s A52 hoteln\u00e9l is szembes\u00fclt\u00fcnk azzal, hogy mivel sokszerepl\u0151s a t\u00f6rt\u00e9net, mindenkinek m\u00e1s tetszik. Ugyanaz a dolog valakinek sok, m\u00edg m\u00e1snak t\u00fal egyszer\u0171. Ezeket \u00f6sszehangolni, egy ir\u00e1nyba terelni neh\u00e9z, de aki m\u00e1r r\u00e9g\u00f3ta a szakm\u00e1ban van \u00e9s sok mindent \u00e1t\u00e9lt, az eg\u00e9szs\u00e9ges ar\u00e1ny\u00e9rz\u00e9kkel rendelkezik, ami seg\u00edt neki ebben.<\/p>\n<p><strong>Eml\u00edtetted, hogy t\u00e9ged alapvet\u0151en az egyszer\u0171 form\u00e1k \u00e9s vonalak, a skandin\u00e1v \u00e9p\u00edt\u00e9szet ny\u0171g\u00f6z le. Mi\u00e9rt? <\/strong><\/p>\n<p>A modern, a minim\u00e1l design l\u00e9nyege, hogy az individuumot engedi \u00e9rv\u00e9nyes\u00fclni. A lak\u00e1s, a h\u00e1z vagy b\u00e1rmilyen enteri\u0151r, \u00e9rt\u00fcnk van \u00e9s nem ford\u00edtva. Nem \u00e9rdemes t\u00falz\u00e1sokba esni, mert nem biztos, hogy p\u00e1r \u00e9v m\u00falva ugyanazt a geget fogjuk szeretni, mint amit a h\u00e1z tervez\u00e9s\u00e9n\u00e9l. Alapvet\u0151en a funkci\u00f3 a legfontosabb, hogy j\u00f3l tudjuk haszn\u00e1lni a teret, j\u00f3l \u00e9rezz\u00fck magunkat benne, k\u00e9zre essen minden. A skandin\u00e1v formavil\u00e1g amellett, hogy nagyon lecsupasz\u00edtott, tele van j\u00f3 \u00f6tlettel, amik hasznosak.<\/p>\n<p><strong>Az A52 hotel bels\u0151 tereinek tervez\u00e9s\u00e9n dolgozol most, de eml\u00edtetted, hogy csal\u00e1di h\u00e1zak tervez\u00e9s\u00e9ben, kivitelez\u00e9s\u00e9ben is r\u00e9szt veszel. Ezek teljesen m\u00e1s l\u00e9pt\u00e9k\u0171 munk\u00e1k, melyik \u00e1ll hozz\u00e1d k\u00f6zelebb? <\/strong><\/p>\n<p>Nagyon magam\u00e9nak \u00e9rzem most a sz\u00e1llod\u00e1t, pont az\u00e9rt, mert pragmatikus munka. A csal\u00e1di h\u00e1zakn\u00e1l bele lehet f\u00e1radni abba, hogy az \u00fcgyf\u00e9l a v\u00e9gtelens\u00e9gig m\u00f3dos\u00edtja a terveket, mert bizonytalan, mert egy \u00e9letre sz\u00f3l\u00f3 nagy projektet szeretne megval\u00f3s\u00edtani, amiben minden t\u00f6k\u00e9letes. Egy sz\u00e1lloda tervez\u00e9se ennek a sz\u00f6ges ellent\u00e9te: el\u0151re meghat\u00e1rozott \u00fcteme van, amit tartani kell. J\u00f3 ebben a keretben mozogni, mert el\u0151re l\u00e1tom, hogy mikor, mi fog t\u00f6rt\u00e9nni, tudom tartani magam a hat\u00e1rid\u0151k\u00f6z.<\/p>\n<blockquote class=\"wp-embedded-content\" data-secret=\"HOSf2BdwIq\"><p><a href=\"https:\/\/www.esterpartners.com\/hu\/ilyen-lesz-az-andrassy-uti-szalloda-mintaszobaba-enged-betekintest-a-belsoepiteszetert-felelos-ester-partners\/\">Ilyen lesz az Andr\u00e1ssy \u00fati sz\u00e1lloda: mintaszob\u00e1ba enged betekint\u00e9st a bels\u0151\u00e9p\u00edt\u00e9sz este&#8217;r partners<\/a><\/p><\/blockquote>\n<p><iframe class=\"wp-embedded-content\" sandbox=\"allow-scripts\" security=\"restricted\" style=\"position: absolute; clip: rect(1px, 1px, 1px, 1px);\" title=\"&#8220;Ilyen lesz az Andr\u00e1ssy \u00fati sz\u00e1lloda: mintaszob\u00e1ba enged betekint\u00e9st a bels\u0151\u00e9p\u00edt\u00e9sz este&#8217;r partners&#8221; &#8212; esterpartners\" src=\"https:\/\/www.esterpartners.com\/ilyen-lesz-az-andrassy-uti-szalloda-mintaszobaba-enged-betekintest-a-belsoepiteszetert-felelos-ester-partners\/embed\/#?secret=8EL0uBZcIM#?secret=HOSf2BdwIq\" data-secret=\"HOSf2BdwIq\" width=\"580\" height=\"327\" frameborder=\"0\" marginwidth=\"0\" marginheight=\"0\" scrolling=\"no\"><\/iframe><\/p>\n<p><strong>Az este\u2019r partners profilj\u00e1ban kis- \u00e9s nagyl\u00e9pt\u00e9k\u0171 projektek bels\u0151\u00e9p\u00edt\u00e9szeti tervez\u00e9se \u00e9s kivitelez\u00e9se is szerepel. Nyitottatok irod\u00e1t Mil\u00e1n\u00f3ban is, figyeltek a nemzetk\u00f6zi trendekre, m\u0171k\u00f6d\u00e9si met\u00f3dusokra. Ezek alapj\u00e1n te hogy l\u00e1tod az itthoni helyzetet? Hol tartunk a nemzetk\u00f6zi szinthez k\u00e9pest? <\/strong><\/p>\n<p>A tervez\u0151irod\u00e1k vil\u00e1g\u00e1ba nem l\u00e1tok bele m\u00e9lyen, viszont a kivitelez\u00e9sben hatalmas k\u00fcl\u00f6nbs\u00e9get \u00e9rzek. Itt m\u00e9g tanulnunk kell, nagyon sok buktat\u00f3ja van a magyar kivitelez\u00e9si metodik\u00e1nak. Most d\u00f6ping van, sok az \u00e9p\u00edtkez\u00e9s, \u00e9s \u00fagy \u00e9rzem, hogy a kivitelez\u0151i oldal ker\u00fclt t\u00fals\u00falyba, a mennyis\u00e9gre hajtunk, emiatt a tervez\u00e9si r\u00e9sz elhom\u00e1lyosul. Tervez\u0151k\u00e9nt nehezen tudjuk \u00e9rv\u00e9nyes\u00edteni azt, hogy a val\u00f3s\u00e1gban is az jelenjen meg, mint a pap\u00edron. Ebben sokat kell m\u00e9g fejl\u0151dn\u00fcnk.<\/p>\n<p><img fetchpriority=\"high\" decoding=\"async\" class=\"alignnone wp-image-3804 size-full\" src=\"https:\/\/www.esterpartners.com\/wp-content\/uploads\/2019\/10\/A52-mintaszoba-1683_logoval-e1573832083437.jpg\" alt=\"\" width=\"767\" height=\"512\" \/><\/p>\n<p>&nbsp;<\/p>\n<p>&nbsp;<\/p>\n<p>&nbsp;<\/p>","protected":false},"excerpt":{"rendered":"<p>\u00daj sorozatunkban bemutatjuk a koll\u00e9g\u00e1inkat, akik munk\u00e1jukkal, kreativit\u00e1sukkal \u00e9s szakmai eredm\u00e9nyeikkel nap mint nap alak\u00edtj\u00e1k az este\u2019r partners m\u00e1rka \u00e9let\u00e9t. A sorozat m\u00e1sodik r\u00e9sz\u00e9ben Zellei Hajnalka bels\u0151\u00e9p\u00edt\u00e9sz koll\u00e9gan\u0151nket k\u00e9rdezt\u00fck a szakm\u00e1j\u00e1hoz val\u00f3 viszony\u00e1r\u00f3l, kih\u00edv\u00e1sair\u00f3l \u00e9s a besz\u00e9lget\u00e9s\u00fcnkben el\u0151ker\u00fcl\u0151 skandin\u00e1v formavil\u00e1gr\u00f3l. Hajni, mit jelent sz\u00e1modra a bels\u0151\u00e9p\u00edt\u00e9szet, mit szeretsz benne? Mindig is \u00e9rdekeltek a bels\u0151 terek, [&hellip;]<\/p>\n","protected":false},"author":11,"featured_media":0,"comment_status":"closed","ping_status":"closed","sticky":false,"template":"","format":"standard","meta":{"footnotes":""},"categories":[5],"tags":[24],"class_list":["post-8674","post","type-post","status-publish","format-standard","hentry","category-interview","tag-magyar"],"yoast_head":"<!-- This site is optimized with the Yoast SEO plugin v27.4 - https:\/\/yoast.com\/product\/yoast-seo-wordpress\/ -->\n<title>Bemutatjuk koll\u00e9g\u00e1inkat: Zellei Hajnalka - esterpartners<\/title>\n<meta name=\"robots\" content=\"index, follow, max-snippet:-1, max-image-preview:large, max-video-preview:-1\" \/>\n<link rel=\"canonical\" href=\"https:\/\/www.esterpartners.com\/hu\/bemutatjuk-kollegainkat-zellei-hajnalka\/\" \/>\n<meta property=\"og:locale\" content=\"hu_HU\" \/>\n<meta property=\"og:type\" content=\"article\" \/>\n<meta property=\"og:title\" content=\"Bemutatjuk koll\u00e9g\u00e1inkat: Zellei Hajnalka - esterpartners\" \/>\n<meta property=\"og:description\" content=\"\u00daj sorozatunkban bemutatjuk a koll\u00e9g\u00e1inkat, akik munk\u00e1jukkal, kreativit\u00e1sukkal \u00e9s szakmai eredm\u00e9nyeikkel nap mint nap alak\u00edtj\u00e1k az este\u2019r partners m\u00e1rka \u00e9let\u00e9t. A sorozat m\u00e1sodik r\u00e9sz\u00e9ben Zellei Hajnalka bels\u0151\u00e9p\u00edt\u00e9sz koll\u00e9gan\u0151nket k\u00e9rdezt\u00fck a szakm\u00e1j\u00e1hoz val\u00f3 viszony\u00e1r\u00f3l, kih\u00edv\u00e1sair\u00f3l \u00e9s a besz\u00e9lget\u00e9s\u00fcnkben el\u0151ker\u00fcl\u0151 skandin\u00e1v formavil\u00e1gr\u00f3l. Hajni, mit jelent sz\u00e1modra a bels\u0151\u00e9p\u00edt\u00e9szet, mit szeretsz benne? Mindig is \u00e9rdekeltek a bels\u0151 terek, [&hellip;]\" \/>\n<meta property=\"og:url\" content=\"https:\/\/www.esterpartners.com\/hu\/bemutatjuk-kollegainkat-zellei-hajnalka\/\" \/>\n<meta property=\"og:site_name\" content=\"esterpartners\" \/>\n<meta property=\"article:publisher\" content=\"https:\/\/www.facebook.com\/esterpartners\" \/>\n<meta property=\"article:published_time\" content=\"2019-11-14T09:02:53+00:00\" \/>\n<meta property=\"article:modified_time\" content=\"2023-05-04T15:29:04+00:00\" \/>\n<meta property=\"og:image\" content=\"https:\/\/www.esterpartners.com\/wp-content\/uploads\/2019\/10\/A52-mintaszoba-1683_logoval-e1573832083437.jpg\" \/>\n<meta name=\"author\" content=\"HelloLama\" \/>\n<meta name=\"twitter:card\" content=\"summary_large_image\" \/>\n<meta name=\"twitter:label1\" content=\"Szerz\u0151:\" \/>\n\t<meta name=\"twitter:data1\" content=\"HelloLama\" \/>\n\t<meta name=\"twitter:label2\" content=\"Becs\u00fclt olvas\u00e1si id\u0151\" \/>\n\t<meta name=\"twitter:data2\" content=\"5 perc\" \/>\n<script type=\"application\/ld+json\" class=\"yoast-schema-graph\">{\"@context\":\"https:\\\/\\\/schema.org\",\"@graph\":[{\"@type\":\"Article\",\"@id\":\"https:\\\/\\\/www.esterpartners.com\\\/bemutatjuk-kollegainkat-zellei-hajnalka\\\/#article\",\"isPartOf\":{\"@id\":\"https:\\\/\\\/www.esterpartners.com\\\/bemutatjuk-kollegainkat-zellei-hajnalka\\\/\"},\"author\":{\"name\":\"HelloLama\",\"@id\":\"https:\\\/\\\/www.esterpartners.com\\\/#\\\/schema\\\/person\\\/08c6188d4bab95fe79f994e4c17a28be\"},\"headline\":\"Bemutatjuk koll\u00e9g\u00e1inkat: Zellei Hajnalka\",\"datePublished\":\"2019-11-14T09:02:53+00:00\",\"dateModified\":\"2023-05-04T15:29:04+00:00\",\"mainEntityOfPage\":{\"@id\":\"https:\\\/\\\/www.esterpartners.com\\\/bemutatjuk-kollegainkat-zellei-hajnalka\\\/\"},\"wordCount\":1082,\"publisher\":{\"@id\":\"https:\\\/\\\/www.esterpartners.com\\\/#organization\"},\"image\":{\"@id\":\"https:\\\/\\\/www.esterpartners.com\\\/bemutatjuk-kollegainkat-zellei-hajnalka\\\/#primaryimage\"},\"thumbnailUrl\":\"https:\\\/\\\/www.esterpartners.com\\\/wp-content\\\/uploads\\\/2019\\\/10\\\/A52-mintaszoba-1683_logoval-e1573832083437.jpg\",\"keywords\":[\"Magyar\"],\"articleSection\":[\"Interj\u00fa\"],\"inLanguage\":\"hu\"},{\"@type\":\"WebPage\",\"@id\":\"https:\\\/\\\/www.esterpartners.com\\\/bemutatjuk-kollegainkat-zellei-hajnalka\\\/\",\"url\":\"https:\\\/\\\/www.esterpartners.com\\\/bemutatjuk-kollegainkat-zellei-hajnalka\\\/\",\"name\":\"Bemutatjuk koll\u00e9g\u00e1inkat: Zellei Hajnalka - esterpartners\",\"isPartOf\":{\"@id\":\"https:\\\/\\\/www.esterpartners.com\\\/#website\"},\"primaryImageOfPage\":{\"@id\":\"https:\\\/\\\/www.esterpartners.com\\\/bemutatjuk-kollegainkat-zellei-hajnalka\\\/#primaryimage\"},\"image\":{\"@id\":\"https:\\\/\\\/www.esterpartners.com\\\/bemutatjuk-kollegainkat-zellei-hajnalka\\\/#primaryimage\"},\"thumbnailUrl\":\"https:\\\/\\\/www.esterpartners.com\\\/wp-content\\\/uploads\\\/2019\\\/10\\\/A52-mintaszoba-1683_logoval-e1573832083437.jpg\",\"datePublished\":\"2019-11-14T09:02:53+00:00\",\"dateModified\":\"2023-05-04T15:29:04+00:00\",\"breadcrumb\":{\"@id\":\"https:\\\/\\\/www.esterpartners.com\\\/bemutatjuk-kollegainkat-zellei-hajnalka\\\/#breadcrumb\"},\"inLanguage\":\"hu\",\"potentialAction\":[{\"@type\":\"ReadAction\",\"target\":[\"https:\\\/\\\/www.esterpartners.com\\\/bemutatjuk-kollegainkat-zellei-hajnalka\\\/\"]}]},{\"@type\":\"ImageObject\",\"inLanguage\":\"hu\",\"@id\":\"https:\\\/\\\/www.esterpartners.com\\\/bemutatjuk-kollegainkat-zellei-hajnalka\\\/#primaryimage\",\"url\":\"https:\\\/\\\/www.esterpartners.com\\\/wp-content\\\/uploads\\\/2019\\\/10\\\/A52-mintaszoba-1683_logoval-e1573832083437.jpg\",\"contentUrl\":\"https:\\\/\\\/www.esterpartners.com\\\/wp-content\\\/uploads\\\/2019\\\/10\\\/A52-mintaszoba-1683_logoval-e1573832083437.jpg\"},{\"@type\":\"BreadcrumbList\",\"@id\":\"https:\\\/\\\/www.esterpartners.com\\\/bemutatjuk-kollegainkat-zellei-hajnalka\\\/#breadcrumb\",\"itemListElement\":[{\"@type\":\"ListItem\",\"position\":1,\"name\":\"Home\",\"item\":\"https:\\\/\\\/www.esterpartners.com\\\/\"},{\"@type\":\"ListItem\",\"position\":2,\"name\":\"Bemutatjuk koll\u00e9g\u00e1inkat: Zellei Hajnalka\"}]},{\"@type\":\"WebSite\",\"@id\":\"https:\\\/\\\/www.esterpartners.com\\\/#website\",\"url\":\"https:\\\/\\\/www.esterpartners.com\\\/\",\"name\":\"esterpartners\",\"description\":\"interior architecture\",\"publisher\":{\"@id\":\"https:\\\/\\\/www.esterpartners.com\\\/#organization\"},\"potentialAction\":[{\"@type\":\"SearchAction\",\"target\":{\"@type\":\"EntryPoint\",\"urlTemplate\":\"https:\\\/\\\/www.esterpartners.com\\\/?s={search_term_string}\"},\"query-input\":{\"@type\":\"PropertyValueSpecification\",\"valueRequired\":true,\"valueName\":\"search_term_string\"}}],\"inLanguage\":\"hu\"},{\"@type\":\"Organization\",\"@id\":\"https:\\\/\\\/www.esterpartners.com\\\/#organization\",\"name\":\"esterpartners\",\"url\":\"https:\\\/\\\/www.esterpartners.com\\\/\",\"logo\":{\"@type\":\"ImageObject\",\"inLanguage\":\"hu\",\"@id\":\"https:\\\/\\\/www.esterpartners.com\\\/#\\\/schema\\\/logo\\\/image\\\/\",\"url\":\"https:\\\/\\\/www.esterpartners.com\\\/wp-content\\\/uploads\\\/2023\\\/04\\\/ESTERPARTNERS__logo_full_black.png\",\"contentUrl\":\"https:\\\/\\\/www.esterpartners.com\\\/wp-content\\\/uploads\\\/2023\\\/04\\\/ESTERPARTNERS__logo_full_black.png\",\"width\":2354,\"height\":911,\"caption\":\"esterpartners\"},\"image\":{\"@id\":\"https:\\\/\\\/www.esterpartners.com\\\/#\\\/schema\\\/logo\\\/image\\\/\"},\"sameAs\":[\"https:\\\/\\\/www.facebook.com\\\/esterpartners\"]},{\"@type\":\"Person\",\"@id\":\"https:\\\/\\\/www.esterpartners.com\\\/#\\\/schema\\\/person\\\/08c6188d4bab95fe79f994e4c17a28be\",\"name\":\"HelloLama\",\"image\":{\"@type\":\"ImageObject\",\"inLanguage\":\"hu\",\"@id\":\"https:\\\/\\\/secure.gravatar.com\\\/avatar\\\/ec2c00b81bd5f12eea14f671f08007060dc49c1a300361a2e1ddcf7d1c2a1b3d?s=96&d=mm&r=g\",\"url\":\"https:\\\/\\\/secure.gravatar.com\\\/avatar\\\/ec2c00b81bd5f12eea14f671f08007060dc49c1a300361a2e1ddcf7d1c2a1b3d?s=96&d=mm&r=g\",\"contentUrl\":\"https:\\\/\\\/secure.gravatar.com\\\/avatar\\\/ec2c00b81bd5f12eea14f671f08007060dc49c1a300361a2e1ddcf7d1c2a1b3d?s=96&d=mm&r=g\",\"caption\":\"HelloLama\"},\"url\":\"https:\\\/\\\/www.esterpartners.com\\\/hu\\\/author\\\/hellolama\\\/\"}]}<\/script>\n<!-- \/ Yoast SEO plugin. -->","yoast_head_json":{"title":"Bemutatjuk koll\u00e9g\u00e1inkat: Zellei Hajnalka - esterpartners","robots":{"index":"index","follow":"follow","max-snippet":"max-snippet:-1","max-image-preview":"max-image-preview:large","max-video-preview":"max-video-preview:-1"},"canonical":"https:\/\/www.esterpartners.com\/hu\/bemutatjuk-kollegainkat-zellei-hajnalka\/","og_locale":"hu_HU","og_type":"article","og_title":"Bemutatjuk koll\u00e9g\u00e1inkat: Zellei Hajnalka - esterpartners","og_description":"\u00daj sorozatunkban bemutatjuk a koll\u00e9g\u00e1inkat, akik munk\u00e1jukkal, kreativit\u00e1sukkal \u00e9s szakmai eredm\u00e9nyeikkel nap mint nap alak\u00edtj\u00e1k az este\u2019r partners m\u00e1rka \u00e9let\u00e9t. A sorozat m\u00e1sodik r\u00e9sz\u00e9ben Zellei Hajnalka bels\u0151\u00e9p\u00edt\u00e9sz koll\u00e9gan\u0151nket k\u00e9rdezt\u00fck a szakm\u00e1j\u00e1hoz val\u00f3 viszony\u00e1r\u00f3l, kih\u00edv\u00e1sair\u00f3l \u00e9s a besz\u00e9lget\u00e9s\u00fcnkben el\u0151ker\u00fcl\u0151 skandin\u00e1v formavil\u00e1gr\u00f3l. Hajni, mit jelent sz\u00e1modra a bels\u0151\u00e9p\u00edt\u00e9szet, mit szeretsz benne? Mindig is \u00e9rdekeltek a bels\u0151 terek, [&hellip;]","og_url":"https:\/\/www.esterpartners.com\/hu\/bemutatjuk-kollegainkat-zellei-hajnalka\/","og_site_name":"esterpartners","article_publisher":"https:\/\/www.facebook.com\/esterpartners","article_published_time":"2019-11-14T09:02:53+00:00","article_modified_time":"2023-05-04T15:29:04+00:00","og_image":[{"url":"https:\/\/www.esterpartners.com\/wp-content\/uploads\/2019\/10\/A52-mintaszoba-1683_logoval-e1573832083437.jpg","type":"","width":"","height":""}],"author":"HelloLama","twitter_card":"summary_large_image","twitter_misc":{"Szerz\u0151:":"HelloLama","Becs\u00fclt olvas\u00e1si id\u0151":"5 perc"},"schema":{"@context":"https:\/\/schema.org","@graph":[{"@type":"Article","@id":"https:\/\/www.esterpartners.com\/bemutatjuk-kollegainkat-zellei-hajnalka\/#article","isPartOf":{"@id":"https:\/\/www.esterpartners.com\/bemutatjuk-kollegainkat-zellei-hajnalka\/"},"author":{"name":"HelloLama","@id":"https:\/\/www.esterpartners.com\/#\/schema\/person\/08c6188d4bab95fe79f994e4c17a28be"},"headline":"Bemutatjuk koll\u00e9g\u00e1inkat: Zellei Hajnalka","datePublished":"2019-11-14T09:02:53+00:00","dateModified":"2023-05-04T15:29:04+00:00","mainEntityOfPage":{"@id":"https:\/\/www.esterpartners.com\/bemutatjuk-kollegainkat-zellei-hajnalka\/"},"wordCount":1082,"publisher":{"@id":"https:\/\/www.esterpartners.com\/#organization"},"image":{"@id":"https:\/\/www.esterpartners.com\/bemutatjuk-kollegainkat-zellei-hajnalka\/#primaryimage"},"thumbnailUrl":"https:\/\/www.esterpartners.com\/wp-content\/uploads\/2019\/10\/A52-mintaszoba-1683_logoval-e1573832083437.jpg","keywords":["Magyar"],"articleSection":["Interj\u00fa"],"inLanguage":"hu"},{"@type":"WebPage","@id":"https:\/\/www.esterpartners.com\/bemutatjuk-kollegainkat-zellei-hajnalka\/","url":"https:\/\/www.esterpartners.com\/bemutatjuk-kollegainkat-zellei-hajnalka\/","name":"Bemutatjuk koll\u00e9g\u00e1inkat: Zellei Hajnalka - esterpartners","isPartOf":{"@id":"https:\/\/www.esterpartners.com\/#website"},"primaryImageOfPage":{"@id":"https:\/\/www.esterpartners.com\/bemutatjuk-kollegainkat-zellei-hajnalka\/#primaryimage"},"image":{"@id":"https:\/\/www.esterpartners.com\/bemutatjuk-kollegainkat-zellei-hajnalka\/#primaryimage"},"thumbnailUrl":"https:\/\/www.esterpartners.com\/wp-content\/uploads\/2019\/10\/A52-mintaszoba-1683_logoval-e1573832083437.jpg","datePublished":"2019-11-14T09:02:53+00:00","dateModified":"2023-05-04T15:29:04+00:00","breadcrumb":{"@id":"https:\/\/www.esterpartners.com\/bemutatjuk-kollegainkat-zellei-hajnalka\/#breadcrumb"},"inLanguage":"hu","potentialAction":[{"@type":"ReadAction","target":["https:\/\/www.esterpartners.com\/bemutatjuk-kollegainkat-zellei-hajnalka\/"]}]},{"@type":"ImageObject","inLanguage":"hu","@id":"https:\/\/www.esterpartners.com\/bemutatjuk-kollegainkat-zellei-hajnalka\/#primaryimage","url":"https:\/\/www.esterpartners.com\/wp-content\/uploads\/2019\/10\/A52-mintaszoba-1683_logoval-e1573832083437.jpg","contentUrl":"https:\/\/www.esterpartners.com\/wp-content\/uploads\/2019\/10\/A52-mintaszoba-1683_logoval-e1573832083437.jpg"},{"@type":"BreadcrumbList","@id":"https:\/\/www.esterpartners.com\/bemutatjuk-kollegainkat-zellei-hajnalka\/#breadcrumb","itemListElement":[{"@type":"ListItem","position":1,"name":"Home","item":"https:\/\/www.esterpartners.com\/"},{"@type":"ListItem","position":2,"name":"Bemutatjuk koll\u00e9g\u00e1inkat: Zellei Hajnalka"}]},{"@type":"WebSite","@id":"https:\/\/www.esterpartners.com\/#website","url":"https:\/\/www.esterpartners.com\/","name":"esterpartners","description":"interior architecture","publisher":{"@id":"https:\/\/www.esterpartners.com\/#organization"},"potentialAction":[{"@type":"SearchAction","target":{"@type":"EntryPoint","urlTemplate":"https:\/\/www.esterpartners.com\/?s={search_term_string}"},"query-input":{"@type":"PropertyValueSpecification","valueRequired":true,"valueName":"search_term_string"}}],"inLanguage":"hu"},{"@type":"Organization","@id":"https:\/\/www.esterpartners.com\/#organization","name":"esterpartners","url":"https:\/\/www.esterpartners.com\/","logo":{"@type":"ImageObject","inLanguage":"hu","@id":"https:\/\/www.esterpartners.com\/#\/schema\/logo\/image\/","url":"https:\/\/www.esterpartners.com\/wp-content\/uploads\/2023\/04\/ESTERPARTNERS__logo_full_black.png","contentUrl":"https:\/\/www.esterpartners.com\/wp-content\/uploads\/2023\/04\/ESTERPARTNERS__logo_full_black.png","width":2354,"height":911,"caption":"esterpartners"},"image":{"@id":"https:\/\/www.esterpartners.com\/#\/schema\/logo\/image\/"},"sameAs":["https:\/\/www.facebook.com\/esterpartners"]},{"@type":"Person","@id":"https:\/\/www.esterpartners.com\/#\/schema\/person\/08c6188d4bab95fe79f994e4c17a28be","name":"HelloLama","image":{"@type":"ImageObject","inLanguage":"hu","@id":"https:\/\/secure.gravatar.com\/avatar\/ec2c00b81bd5f12eea14f671f08007060dc49c1a300361a2e1ddcf7d1c2a1b3d?s=96&d=mm&r=g","url":"https:\/\/secure.gravatar.com\/avatar\/ec2c00b81bd5f12eea14f671f08007060dc49c1a300361a2e1ddcf7d1c2a1b3d?s=96&d=mm&r=g","contentUrl":"https:\/\/secure.gravatar.com\/avatar\/ec2c00b81bd5f12eea14f671f08007060dc49c1a300361a2e1ddcf7d1c2a1b3d?s=96&d=mm&r=g","caption":"HelloLama"},"url":"https:\/\/www.esterpartners.com\/hu\/author\/hellolama\/"}]}},"_links":{"self":[{"href":"https:\/\/www.esterpartners.com\/hu\/wp-json\/wp\/v2\/posts\/8674","targetHints":{"allow":["GET"]}}],"collection":[{"href":"https:\/\/www.esterpartners.com\/hu\/wp-json\/wp\/v2\/posts"}],"about":[{"href":"https:\/\/www.esterpartners.com\/hu\/wp-json\/wp\/v2\/types\/post"}],"author":[{"embeddable":true,"href":"https:\/\/www.esterpartners.com\/hu\/wp-json\/wp\/v2\/users\/11"}],"replies":[{"embeddable":true,"href":"https:\/\/www.esterpartners.com\/hu\/wp-json\/wp\/v2\/comments?post=8674"}],"version-history":[{"count":0,"href":"https:\/\/www.esterpartners.com\/hu\/wp-json\/wp\/v2\/posts\/8674\/revisions"}],"wp:attachment":[{"href":"https:\/\/www.esterpartners.com\/hu\/wp-json\/wp\/v2\/media?parent=8674"}],"wp:term":[{"taxonomy":"category","embeddable":true,"href":"https:\/\/www.esterpartners.com\/hu\/wp-json\/wp\/v2\/categories?post=8674"},{"taxonomy":"post_tag","embeddable":true,"href":"https:\/\/www.esterpartners.com\/hu\/wp-json\/wp\/v2\/tags?post=8674"}],"curies":[{"name":"wp","href":"https:\/\/api.w.org\/{rel}","templated":true}]}}