{"id":8679,"date":"2019-12-19T14:19:51","date_gmt":"2019-12-19T14:19:51","guid":{"rendered":"https:\/\/www.esterpartners.com\/?p=4991"},"modified":"2023-05-04T15:29:03","modified_gmt":"2023-05-04T15:29:03","slug":"ilyen-volt-2019-ilyen-lesz-2020-az-ester-partners-irodajaban","status":"publish","type":"post","link":"https:\/\/www.esterpartners.com\/hu\/ilyen-volt-2019-ilyen-lesz-2020-az-ester-partners-irodajaban\/","title":{"rendered":"Ilyen volt 2019, ilyen lesz 2020 az este\u2019r partners irod\u00e1j\u00e1ban"},"content":{"rendered":"<p>\u00c9vz\u00e1r\u00f3 nagyinterj\u00fara h\u00edvtuk <strong>Radn\u00f3czy Esztert, az este\u2019r partners vezet\u0151 tervez\u0151j\u00e9t<\/strong> \u00e9s <strong>Harkay-Farkas R\u00e9ka gazdas\u00e1gi vezet\u0151t<\/strong>: a nagy sz\u00e1llodai projektek \u00e9s n\u00edv\u00f3s mag\u00e1nberuh\u00e1z\u00e1sok mellett l\u00e9nyegl\u00e1t\u00e1sr\u00f3l, lojalit\u00e1sr\u00f3l, kreat\u00edv form\u00e1l\u00f3d\u00e1sr\u00f3l \u00e9s meg\u00fajul\u00e1sr\u00f3l is mes\u00e9ltek 2019 \u00e9rt\u00e9kel\u00e9se \u00e9s a 2020-as v\u00e1rakoz\u00e1saik megfogalmaz\u00e1sakor.<\/p>\n<p>&nbsp;<\/p>\n<p><strong>Eszter, milyen \u00e9vet z\u00e1r az este\u2019r partners?<\/strong><\/p>\n<p>A nemzetk\u00f6zi nyit\u00e1s er\u0151s\u00edt\u00e9se, az olasz partnerirod\u00e1nkkal val\u00f3 k\u00f6z\u00f6s projektek megval\u00f3s\u00edt\u00e1sa mindenk\u00e9ppen fontos c\u00e9l volt, amik a terveknek megfelel\u0151en realiz\u00e1l\u00f3dnak.<\/p>\n<p>A n\u00e9gy nagy sz\u00e1lloda, az A52, A3, az Emerald \u00e9s az Art\u2019otel k\u00f6z\u00f6ss\u00e9gi terveinek tervez\u0151i munk\u00e1j\u00e1nak nagy r\u00e9sze t\u00f6lt\u00f6tte ki idei \u00e9v\u00fcnket, mik\u00f6zben sz\u00e1mos mag\u00e1njelleg\u0171 beruh\u00e1z\u00e1st is tervezt\u00fcnk. A tervdokument\u00e1ci\u00f3k nagy terjedelme miatt a csapat er\u0151s\u00edt\u00e9se, a projektvezet\u0151k vezet\u0151i feladatainak t\u00e1mogat\u00e1sa, a time management \u00e9s az ellen\u0151rz\u00e9si, koordin\u00e1ci\u00f3s feladatok is nagyon fontos szerepet kaptak az idei \u00e9vben.<\/p>\n<p>A sz\u00e1llod\u00e1k projektjeit vezet\u0151 koll\u00e9g\u00e1k (Szab\u00f3 Csilla, Szommer M\u00f3nika \u00e9s Zellei Hajnalka) nagy felel\u0151ss\u00e9get felv\u00e1llalva eredm\u00e9nyes munk\u00e1t adtak ki a kez\u00fckb\u0151l. B\u00fcszke vagyok r\u00e1juk \u00e9s az eg\u00e9sz csapatra, mert igazi \u00f6sszefog\u00e1s \u00e9s maximalit\u00e1s jellemez minden koll\u00e9g\u00e1t. R\u00e9ka p\u00e9nz\u00fcgyi vezet\u0151k\u00e9nt t\u00f6bb mint 10 \u00e9ve viszi az iroda gazdas\u00e1gi r\u00e9sz\u00e9t, k\u00f6r\u00fcltekint\u0151 prec\u00edz munk\u00e1ja sz\u00e1momra t\u00f6k\u00e9letes eredm\u00e9ny.<\/p>\n<p><img fetchpriority=\"high\" decoding=\"async\" class=\"alignnone size-full wp-image-4992\" src=\"https:\/\/www.esterpartners.com\/wp-content\/uploads\/2019\/12\/EM0C5735-e1576764754573.jpg\" alt=\"\" width=\"767\" height=\"511\" \/><\/p>\n<p><strong>R\u00e9ka, milyen kih\u00edv\u00e1sokkal tal\u00e1lkozt\u00e1l 2019-ben?<\/strong><\/p>\n<p>A 2019-es \u00e9v minden szempontb\u00f3l egy v\u00e1ltozatos, csapatform\u00e1l\u00f3, egyben egy \u00fajabb m\u00e9rf\u00f6ldk\u0151 volt a c\u00e9g\u00fcnk \u00e9let\u00e9ben. A n\u00e9gy nagy sz\u00e1llodaprojekt d\u00f6nt\u00e9sek halmaz\u00e1t vonzotta mag\u00e1val. Fel kellett ismern\u00fcnk, hogy olyan poz\u00edci\u00f3kat kell megteremten\u00fcnk \u00e9s kellett ide felvenn\u00fcnk \u00fajabb koll\u00e9g\u00e1kat, amik m\u00e9g nem is l\u00e9teztek a c\u00e9g\u00fcnk \u00e9let\u00e9ben, de a munkafolyamatok ell\u00e1t\u00e1s\u00e1hoz elengedhetetlennek bizonyultak, mind a tervez\u0151i mind a gazdas\u00e1gi vonalon is.<\/p>\n<p><img decoding=\"async\" class=\"alignnone size-full wp-image-4994\" src=\"https:\/\/www.esterpartners.com\/wp-content\/uploads\/2019\/12\/EM0C5647-e1576764803128.jpg\" alt=\"\" width=\"767\" height=\"511\" \/><\/p>\n<p><strong>Melyek voltak id\u00e9n a legnagyobb indul\u00f3 \u00e9s z\u00e1rul\u00f3 projektjeitek? Melyikhez milyen \u00e9rz\u00e9sek \u00e9s amb\u00edci\u00f3k k\u00f6t\u0151dnek<\/strong>?<\/p>\n<p><strong>Eszter: <\/strong>T\u00f6bb belv\u00e1rosi \u00e9s kertv\u00e1rosi high-end lak\u00e1s tervez\u00e9se \u00e9s kivitelez\u00e9se zajlott, amit egy k\u00e9zb\u0151l bonyol\u00edtottunk. Mindezek szoros egy\u00fcttm\u0171k\u00f6d\u00e9s sor\u00e1n val\u00f3sulnak meg a tulajdonossal. \u00a0Nagyon j\u00f3l esik az a sok bizalom, amit a megrendel\u0151nkt\u0151l kapunk \u00e9s \u00f6r\u00f6m l\u00e1tni, hogy az ig\u00e9nyes, min\u0151s\u00e9gi hozz\u00e1\u00e1ll\u00e1s (ami nem minden esetben luxus p\u00e9nz\u00fcgyi \u00e9rtelemben) egyre sz\u00e9lesebb megrendel\u0151i k\u00f6r alapig\u00e9nye, \u00edgy lehet igaz\u00e1n j\u00f3 munk\u00e1kat kiadni a kez\u00fcnkb\u0151l.<\/p>\n<p>A nagy projekteket meg ink\u00e1bb jellemzi a szervezett \u00e9s k\u00f6vetelm\u00e9nyek sor\u00e1t betartand\u00f3 tervez\u00e9s, szoros csapatmunka az \u00e9p\u00edt\u00e9szekkel \u00e9s a szaktervez\u0151kkel, ami mindenk\u00e9ppen egy nagyon fegyelmezett irodai m\u0171k\u00f6d\u00e9st k\u00edv\u00e1n. Mind a n\u00e9gy hotel projekt szinte p\u00e1rhuzamosan futott \u00e9s \u00e9v v\u00e9gre esett a tervez\u00e9si folyamatok lez\u00e1r\u00e1sa. Ez nem jelenti azt, hogy a tervez\u0151i munk\u00e1nak v\u00e9ge. Sz\u00e1munkra is nagyon fontos, hogy az elk\u00f6vetkezend\u0151 \u00e9vekben a kivitelez\u00e9seket folyamat\u00e1ban k\u00f6vethess\u00fck \u00e9s tervez\u0151i m\u0171vezet\u00e9s keret\u00e9ben seg\u00edts\u00fck a megval\u00f3sul\u00e1sukat.<\/p>\n<p><strong>R\u00e9ka:<\/strong> Kiemelni tal\u00e1n nekem a legnehezebb, hiszen mindegyik projekt valahol hozz\u00e1m is k\u00f6t\u0151dik. \u00c9rzelmek n\u00e9lk\u00fcl lehetetlen ezt a munk\u00e1t v\u00e9gezni, egy id\u0151 ut\u00e1n mindegyik projekthez k\u00f6t\u0151dni kezdtem. Megsz\u00e1molni sem tudom, hogy a n\u00e9gy nagy sz\u00e1llodaprojekt mellett mennyi sz\u00e9p mag\u00e1nberuh\u00e1z\u00e1sban m\u0171k\u00f6dt\u00fcnk k\u00f6zre mind a tervez\u0151i, mind a besz\u00e1ll\u00edt\u00f3i vonalon.<\/p>\n<p><strong>Hogyan form\u00e1l\u00f3dott a csapat \u00e9s miben tartotok el\u0151bbre emiatt szakmailag? <\/strong><\/p>\n<p><strong>Eszter:<\/strong> A nagy munk\u00e1k miatt id\u00e9n is b\u0151v\u00fclt az iroda l\u00e9tsz\u00e1ma, most m\u00e1r h\u00fasz f\u0151vel dolgozunk. Az \u00f6sszetett szolg\u00e1ltat\u00e1s, amit irod\u00e1nk ny\u00fajtani tud, a feladatk\u00f6r\u00f6k leoszt\u00e1s\u00e1t \u00e9s emellett er\u0151s csapatmunk\u00e1t ig\u00e9nyel. Mindhez kitart\u00e1s, motiv\u00e1ci\u00f3 sz\u00fcks\u00e9ges: ezt a munk\u00e1t csak elhivatotts\u00e1ggal lehet v\u00e9gezni. Ez az \u00e9v is megmutatta ki, hogyan loj\u00e1lis, ki tud egy\u00fcttm\u0171k\u00f6dve a koll\u00e9g\u00e1kkal egy-egy hossz\u00fa, \u00e9vekig tart\u00f3 projektben bele\u00e1llni \u00e9s k\u00f6z\u00f6s sikernek tekinteni az eredm\u00e9nyeinket. Minden tervez\u0151 \u00e9s m\u0171szaki, kereskedelmi el\u0151k\u00e9sz\u00edt\u0151 vagy ak\u00e1r p\u00e9nz\u00fcgyi koll\u00e9ga fontos r\u00e9sze a projektnek, egym\u00e1sra vagyunk utalva \u00e9s fontos, hogy minden siker k\u00f6z\u00f6s. Kellemes \u00e9s kiegyens\u00falyozott l\u00e9gk\u00f6r jellemzi az irod\u00e1nkat \u00edgy \u00e9v v\u00e9g\u00e9n.<\/p>\n<p><strong>R\u00e9ka:<\/strong> Az idei \u00e9v sz\u00e1momra abb\u00f3l a szempontb\u00f3l is egy m\u00e9rf\u00f6ldk\u0151 volt, hogy lett egy csapatom, Kriszta \u00e9s \u00c9va szem\u00e9ly\u00e9ben. A tervez\u0151i csapat folyamatos b\u0151v\u00fcl\u00e9se \u00e9s a projektek nagys\u00e1ga miatt sz\u00fcks\u00e9gess\u00e9 v\u00e1lt a feladatmegoszt\u00e1s. Ez nekem egy hatalmas \u00f6nismereti kih\u00edv\u00e1s is, hogy hogyan tudok abb\u00f3l \u00e1tadni, amit eddig egyed\u00fcl csin\u00e1ltam.<\/p>\n<p><strong>Ki tudn\u00e1tok emelni egy-egy fontos pillanatot a c\u00e9g \u00e9let\u00e9b\u0151l ebben az \u00e9vben? <\/strong><\/p>\n<p><strong>Eszter:<\/strong> Neh\u00e9z kiemelni. A siker a munka folyamata, az egym\u00e1sra hangosod\u00e1s \u00e9s egy pozit\u00edv vitakult\u00fara, aminek fejleszt\u00e9s\u00e9n nap mint nap dolgozunk \u00e9s l\u00e1that\u00f3 pozit\u00edv eredm\u00e9nyt hoz. \u00a0A tervez\u0151i munka eleje, a koncepci\u00f3 meg\u00e1lmod\u00e1sa legal\u00e1bb annyira kreat\u00edv egy j\u00f3 tervez\u0151nek, mint a kiviteli tervekben val\u00f3 apr\u00f3l\u00e9kos rajzi szakasz a konszign\u00e1ci\u00f3k elk\u00e9sz\u00edt\u00e9se vagy a projekt koordin\u00e1l\u00e1sa.<\/p>\n<p><strong>R\u00e9ka:<\/strong> Mivel az iroda gazdas\u00e1gi \u00fcgyeit viszem, ez\u00e9rt mindegyik projekthez kapcsol\u00f3dom, mindegyik sz\u00edv\u00fcgyem, minden irodai \u00fcgybe betekint\u00e9sem van \u00e9s egyben feladatom is, ez\u00e9rt konkr\u00e9tumot nem is tudn\u00e9k kiemelni. Okt\u00f3berben volt a 10 \u00e9ves szakmai \u00e9vfordul\u00f3m itt a c\u00e9gn\u00e9l, ez t\u00e9nyleg egy fontos pillanat.\u00a0Sokszor emlegetj\u00fck a mi kis tet\u0151t\u00e9ri irod\u00e1nkat Eszterrel \u00e9s Csill\u00e1val, azt, hogy az\u00f3ta a c\u00e9g mekkora fejl\u0151d\u00e9sen ment kereszt\u00fcl. B\u00fcszke vagyok arra, hogy ehhez a csapathoz tartozom.<\/p>\n<p><strong>Eszter, a mil\u00e1n\u00f3i partneriroda nyit\u00e1sa komoly l\u00e9p\u00e9s volt az este&#8217;r partners \u00e9let\u00e9ben. Hogy \u00e9rzitek magatokat ott, a Waves Project partnerek\u00e9nt? <\/strong><\/p>\n<p><strong>Eszter: <\/strong>Az Olaszorsz\u00e1ggal \u00e9s olasz tervez\u0151kel, partnereinkkel val\u00f3 kapcsolat \u00e9vtizedes m\u00falt\u00fa. A k\u00f6z\u00f6s tervez\u0151i munka szint\u00e9n kinyitja a kapukat, szeml\u00e9letb\u0151v\u00edt\u00e9s, tapasztalatcsere a legfontosabb r\u00e9sze a nemzetk\u00f6zi piacon val\u00f3 l\u00e9tez\u00e9snek. Partneri kapcsolatot \u00e1polunk n\u00e9h\u00e1ny n\u00e9metorsz\u00e1gi koll\u00e9g\u00e1val is, egym\u00e1s munk\u00e1inak ismerete, szakmai besz\u00e9lget\u00e9sek \u00e9s k\u00f6z\u00f6s gondolkod\u00e1s fontos szellemi t\u00e1pl\u00e1l\u00e9kunk.<\/p>\n<p><strong>Ha egy sz\u00f3val kellene jellemezni 2019-et, melyik lenne az? <\/strong><\/p>\n<p><strong>Eszter: <\/strong>L\u00e9nyegl\u00e1t\u00e1s.<\/p>\n<p><strong>R\u00e9ka:<\/strong> Meg\u00fajul\u00e1s.<\/p>\n<p><img decoding=\"async\" class=\"alignnone size-full wp-image-3790\" src=\"https:\/\/www.esterpartners.com\/wp-content\/uploads\/2019\/10\/a3-mintaszoba-8119_logoval-e1576765113341.jpg\" alt=\"\" width=\"767\" height=\"512\" \/><\/p>\n<p><strong>Milyen terveitek vannak 2020-ra \u00e9s mit v\u00e1rtok a legjobban? <\/strong><\/p>\n<p><strong>R\u00e9ka:<\/strong> 2020 egy\u00e9rtelm\u0171en egy \u00e9rdekes \u00e9vnek \u00edg\u00e9rkezik, nagy v\u00e1ltoz\u00e1sokra sz\u00e1m\u00edtunk az \u00e9p\u00edt\u0151iparban, hiszen senki nem tudja, mikor fog lassulni ez a nagy \u00e9p\u00edt\u00e9si, beruh\u00e1z\u00e1si hull\u00e1m. Ennek el\u0151szel\u00e9t m\u00e1r most is \u00e9rezz\u00fck. Abban viszont biztos vagyok, hogy az este&#8217;r partners h\u0171en \u00f6nmag\u00e1hoz, t\u00f6k\u00e9letesen helyt fog \u00e1llni egy nehezebb id\u0151szakban is, \u00fagy, ahogy eddig is tette. Ehhez nem kell m\u00e1s, mint a kitart\u00e1sunk, a rugalmass\u00e1gunk, a piac ismerte \u00e9s nem utols\u00f3 sorban ez a fantasztikus, \u00f6sszetart\u00f3 csapat.<\/p>\n<p><strong>Eszter:<\/strong> Minden, amit id\u00e9n elkezdt\u00fcnk, folytatjuk. A kreativit\u00e1sunk fejleszt\u00e9s\u00e9n, a min\u0151s\u00e9gi tervez\u00e9s fejleszt\u00e9s\u00e9n \u00e9s a szervezetfejleszt\u00e9sen folyamatosan dolgozunk. 2020-ban \u00faj \u00e9s \u00e9rdekes projektek v\u00e1rnak r\u00e1nk: t\u00f6bbet ezekr\u0151l j\u00f6v\u0151re fogok mes\u00e9lni.<\/p>","protected":false},"excerpt":{"rendered":"<p>\u00c9vz\u00e1r\u00f3 nagyinterj\u00fara h\u00edvtuk Radn\u00f3czy Esztert, az este\u2019r partners vezet\u0151 tervez\u0151j\u00e9t \u00e9s Harkay-Farkas R\u00e9ka gazdas\u00e1gi vezet\u0151t: a nagy sz\u00e1llodai projektek \u00e9s n\u00edv\u00f3s mag\u00e1nberuh\u00e1z\u00e1sok mellett l\u00e9nyegl\u00e1t\u00e1sr\u00f3l, lojalit\u00e1sr\u00f3l, kreat\u00edv form\u00e1l\u00f3d\u00e1sr\u00f3l \u00e9s meg\u00fajul\u00e1sr\u00f3l is mes\u00e9ltek 2019 \u00e9rt\u00e9kel\u00e9se \u00e9s a 2020-as v\u00e1rakoz\u00e1saik megfogalmaz\u00e1sakor. &nbsp; Eszter, milyen \u00e9vet z\u00e1r az este\u2019r partners? A nemzetk\u00f6zi nyit\u00e1s er\u0151s\u00edt\u00e9se, az olasz partnerirod\u00e1nkkal val\u00f3 k\u00f6z\u00f6s [&hellip;]<\/p>\n","protected":false},"author":11,"featured_media":0,"comment_status":"closed","ping_status":"closed","sticky":false,"template":"","format":"standard","meta":{"footnotes":""},"categories":[5],"tags":[24],"class_list":["post-8679","post","type-post","status-publish","format-standard","hentry","category-interview","tag-magyar"],"yoast_head":"<!-- This site is optimized with the Yoast SEO plugin v27.5 - https:\/\/yoast.com\/product\/yoast-seo-wordpress\/ -->\n<title>Ilyen volt 2019, ilyen lesz 2020 az este\u2019r partners irod\u00e1j\u00e1ban - esterpartners<\/title>\n<meta name=\"robots\" content=\"index, follow, max-snippet:-1, max-image-preview:large, max-video-preview:-1\" \/>\n<link rel=\"canonical\" href=\"https:\/\/www.esterpartners.com\/hu\/ilyen-volt-2019-ilyen-lesz-2020-az-ester-partners-irodajaban\/\" \/>\n<meta property=\"og:locale\" content=\"hu_HU\" \/>\n<meta property=\"og:type\" content=\"article\" \/>\n<meta property=\"og:title\" content=\"Ilyen volt 2019, ilyen lesz 2020 az este\u2019r partners irod\u00e1j\u00e1ban - esterpartners\" \/>\n<meta property=\"og:description\" content=\"\u00c9vz\u00e1r\u00f3 nagyinterj\u00fara h\u00edvtuk Radn\u00f3czy Esztert, az este\u2019r partners vezet\u0151 tervez\u0151j\u00e9t \u00e9s Harkay-Farkas R\u00e9ka gazdas\u00e1gi vezet\u0151t: a nagy sz\u00e1llodai projektek \u00e9s n\u00edv\u00f3s mag\u00e1nberuh\u00e1z\u00e1sok mellett l\u00e9nyegl\u00e1t\u00e1sr\u00f3l, lojalit\u00e1sr\u00f3l, kreat\u00edv form\u00e1l\u00f3d\u00e1sr\u00f3l \u00e9s meg\u00fajul\u00e1sr\u00f3l is mes\u00e9ltek 2019 \u00e9rt\u00e9kel\u00e9se \u00e9s a 2020-as v\u00e1rakoz\u00e1saik megfogalmaz\u00e1sakor. &nbsp; Eszter, milyen \u00e9vet z\u00e1r az este\u2019r partners? A nemzetk\u00f6zi nyit\u00e1s er\u0151s\u00edt\u00e9se, az olasz partnerirod\u00e1nkkal val\u00f3 k\u00f6z\u00f6s [&hellip;]\" \/>\n<meta property=\"og:url\" content=\"https:\/\/www.esterpartners.com\/hu\/ilyen-volt-2019-ilyen-lesz-2020-az-ester-partners-irodajaban\/\" \/>\n<meta property=\"og:site_name\" content=\"esterpartners\" \/>\n<meta property=\"article:publisher\" content=\"https:\/\/www.facebook.com\/esterpartners\" \/>\n<meta property=\"article:published_time\" content=\"2019-12-19T14:19:51+00:00\" \/>\n<meta property=\"article:modified_time\" content=\"2023-05-04T15:29:03+00:00\" \/>\n<meta property=\"og:image\" content=\"https:\/\/www.esterpartners.com\/wp-content\/uploads\/2019\/12\/EM0C5735-e1576764754573.jpg\" \/>\n<meta name=\"author\" content=\"HelloLama\" \/>\n<meta name=\"twitter:card\" content=\"summary_large_image\" \/>\n<meta name=\"twitter:label1\" content=\"Szerz\u0151:\" \/>\n\t<meta name=\"twitter:data1\" content=\"HelloLama\" \/>\n\t<meta name=\"twitter:label2\" content=\"Becs\u00fclt olvas\u00e1si id\u0151\" \/>\n\t<meta name=\"twitter:data2\" content=\"7 perc\" \/>\n<script type=\"application\/ld+json\" class=\"yoast-schema-graph\">{\"@context\":\"https:\\\/\\\/schema.org\",\"@graph\":[{\"@type\":\"Article\",\"@id\":\"https:\\\/\\\/www.esterpartners.com\\\/ilyen-volt-2019-ilyen-lesz-2020-az-ester-partners-irodajaban\\\/#article\",\"isPartOf\":{\"@id\":\"https:\\\/\\\/www.esterpartners.com\\\/ilyen-volt-2019-ilyen-lesz-2020-az-ester-partners-irodajaban\\\/\"},\"author\":{\"name\":\"HelloLama\",\"@id\":\"https:\\\/\\\/www.esterpartners.com\\\/#\\\/schema\\\/person\\\/08c6188d4bab95fe79f994e4c17a28be\"},\"headline\":\"Ilyen volt 2019, ilyen lesz 2020 az este\u2019r partners irod\u00e1j\u00e1ban\",\"datePublished\":\"2019-12-19T14:19:51+00:00\",\"dateModified\":\"2023-05-04T15:29:03+00:00\",\"mainEntityOfPage\":{\"@id\":\"https:\\\/\\\/www.esterpartners.com\\\/ilyen-volt-2019-ilyen-lesz-2020-az-ester-partners-irodajaban\\\/\"},\"wordCount\":1428,\"publisher\":{\"@id\":\"https:\\\/\\\/www.esterpartners.com\\\/#organization\"},\"image\":{\"@id\":\"https:\\\/\\\/www.esterpartners.com\\\/ilyen-volt-2019-ilyen-lesz-2020-az-ester-partners-irodajaban\\\/#primaryimage\"},\"thumbnailUrl\":\"https:\\\/\\\/www.esterpartners.com\\\/wp-content\\\/uploads\\\/2019\\\/12\\\/EM0C5735-e1576764754573.jpg\",\"keywords\":[\"Magyar\"],\"articleSection\":[\"Interj\u00fa\"],\"inLanguage\":\"hu\"},{\"@type\":\"WebPage\",\"@id\":\"https:\\\/\\\/www.esterpartners.com\\\/ilyen-volt-2019-ilyen-lesz-2020-az-ester-partners-irodajaban\\\/\",\"url\":\"https:\\\/\\\/www.esterpartners.com\\\/ilyen-volt-2019-ilyen-lesz-2020-az-ester-partners-irodajaban\\\/\",\"name\":\"Ilyen volt 2019, ilyen lesz 2020 az este\u2019r partners irod\u00e1j\u00e1ban - esterpartners\",\"isPartOf\":{\"@id\":\"https:\\\/\\\/www.esterpartners.com\\\/#website\"},\"primaryImageOfPage\":{\"@id\":\"https:\\\/\\\/www.esterpartners.com\\\/ilyen-volt-2019-ilyen-lesz-2020-az-ester-partners-irodajaban\\\/#primaryimage\"},\"image\":{\"@id\":\"https:\\\/\\\/www.esterpartners.com\\\/ilyen-volt-2019-ilyen-lesz-2020-az-ester-partners-irodajaban\\\/#primaryimage\"},\"thumbnailUrl\":\"https:\\\/\\\/www.esterpartners.com\\\/wp-content\\\/uploads\\\/2019\\\/12\\\/EM0C5735-e1576764754573.jpg\",\"datePublished\":\"2019-12-19T14:19:51+00:00\",\"dateModified\":\"2023-05-04T15:29:03+00:00\",\"breadcrumb\":{\"@id\":\"https:\\\/\\\/www.esterpartners.com\\\/ilyen-volt-2019-ilyen-lesz-2020-az-ester-partners-irodajaban\\\/#breadcrumb\"},\"inLanguage\":\"hu\",\"potentialAction\":[{\"@type\":\"ReadAction\",\"target\":[\"https:\\\/\\\/www.esterpartners.com\\\/ilyen-volt-2019-ilyen-lesz-2020-az-ester-partners-irodajaban\\\/\"]}]},{\"@type\":\"ImageObject\",\"inLanguage\":\"hu\",\"@id\":\"https:\\\/\\\/www.esterpartners.com\\\/ilyen-volt-2019-ilyen-lesz-2020-az-ester-partners-irodajaban\\\/#primaryimage\",\"url\":\"https:\\\/\\\/www.esterpartners.com\\\/wp-content\\\/uploads\\\/2019\\\/12\\\/EM0C5735-e1576764754573.jpg\",\"contentUrl\":\"https:\\\/\\\/www.esterpartners.com\\\/wp-content\\\/uploads\\\/2019\\\/12\\\/EM0C5735-e1576764754573.jpg\"},{\"@type\":\"BreadcrumbList\",\"@id\":\"https:\\\/\\\/www.esterpartners.com\\\/ilyen-volt-2019-ilyen-lesz-2020-az-ester-partners-irodajaban\\\/#breadcrumb\",\"itemListElement\":[{\"@type\":\"ListItem\",\"position\":1,\"name\":\"Home\",\"item\":\"https:\\\/\\\/www.esterpartners.com\\\/\"},{\"@type\":\"ListItem\",\"position\":2,\"name\":\"Ilyen volt 2019, ilyen lesz 2020 az este\u2019r partners irod\u00e1j\u00e1ban\"}]},{\"@type\":\"WebSite\",\"@id\":\"https:\\\/\\\/www.esterpartners.com\\\/#website\",\"url\":\"https:\\\/\\\/www.esterpartners.com\\\/\",\"name\":\"esterpartners\",\"description\":\"interior architecture\",\"publisher\":{\"@id\":\"https:\\\/\\\/www.esterpartners.com\\\/#organization\"},\"potentialAction\":[{\"@type\":\"SearchAction\",\"target\":{\"@type\":\"EntryPoint\",\"urlTemplate\":\"https:\\\/\\\/www.esterpartners.com\\\/?s={search_term_string}\"},\"query-input\":{\"@type\":\"PropertyValueSpecification\",\"valueRequired\":true,\"valueName\":\"search_term_string\"}}],\"inLanguage\":\"hu\"},{\"@type\":\"Organization\",\"@id\":\"https:\\\/\\\/www.esterpartners.com\\\/#organization\",\"name\":\"esterpartners\",\"url\":\"https:\\\/\\\/www.esterpartners.com\\\/\",\"logo\":{\"@type\":\"ImageObject\",\"inLanguage\":\"hu\",\"@id\":\"https:\\\/\\\/www.esterpartners.com\\\/#\\\/schema\\\/logo\\\/image\\\/\",\"url\":\"https:\\\/\\\/www.esterpartners.com\\\/wp-content\\\/uploads\\\/2023\\\/04\\\/ESTERPARTNERS__logo_full_black.png\",\"contentUrl\":\"https:\\\/\\\/www.esterpartners.com\\\/wp-content\\\/uploads\\\/2023\\\/04\\\/ESTERPARTNERS__logo_full_black.png\",\"width\":2354,\"height\":911,\"caption\":\"esterpartners\"},\"image\":{\"@id\":\"https:\\\/\\\/www.esterpartners.com\\\/#\\\/schema\\\/logo\\\/image\\\/\"},\"sameAs\":[\"https:\\\/\\\/www.facebook.com\\\/esterpartners\"]},{\"@type\":\"Person\",\"@id\":\"https:\\\/\\\/www.esterpartners.com\\\/#\\\/schema\\\/person\\\/08c6188d4bab95fe79f994e4c17a28be\",\"name\":\"HelloLama\",\"image\":{\"@type\":\"ImageObject\",\"inLanguage\":\"hu\",\"@id\":\"https:\\\/\\\/secure.gravatar.com\\\/avatar\\\/ec2c00b81bd5f12eea14f671f08007060dc49c1a300361a2e1ddcf7d1c2a1b3d?s=96&d=mm&r=g\",\"url\":\"https:\\\/\\\/secure.gravatar.com\\\/avatar\\\/ec2c00b81bd5f12eea14f671f08007060dc49c1a300361a2e1ddcf7d1c2a1b3d?s=96&d=mm&r=g\",\"contentUrl\":\"https:\\\/\\\/secure.gravatar.com\\\/avatar\\\/ec2c00b81bd5f12eea14f671f08007060dc49c1a300361a2e1ddcf7d1c2a1b3d?s=96&d=mm&r=g\",\"caption\":\"HelloLama\"},\"url\":\"https:\\\/\\\/www.esterpartners.com\\\/hu\\\/author\\\/hellolama\\\/\"}]}<\/script>\n<!-- \/ Yoast SEO plugin. -->","yoast_head_json":{"title":"Ilyen volt 2019, ilyen lesz 2020 az este\u2019r partners irod\u00e1j\u00e1ban - esterpartners","robots":{"index":"index","follow":"follow","max-snippet":"max-snippet:-1","max-image-preview":"max-image-preview:large","max-video-preview":"max-video-preview:-1"},"canonical":"https:\/\/www.esterpartners.com\/hu\/ilyen-volt-2019-ilyen-lesz-2020-az-ester-partners-irodajaban\/","og_locale":"hu_HU","og_type":"article","og_title":"Ilyen volt 2019, ilyen lesz 2020 az este\u2019r partners irod\u00e1j\u00e1ban - esterpartners","og_description":"\u00c9vz\u00e1r\u00f3 nagyinterj\u00fara h\u00edvtuk Radn\u00f3czy Esztert, az este\u2019r partners vezet\u0151 tervez\u0151j\u00e9t \u00e9s Harkay-Farkas R\u00e9ka gazdas\u00e1gi vezet\u0151t: a nagy sz\u00e1llodai projektek \u00e9s n\u00edv\u00f3s mag\u00e1nberuh\u00e1z\u00e1sok mellett l\u00e9nyegl\u00e1t\u00e1sr\u00f3l, lojalit\u00e1sr\u00f3l, kreat\u00edv form\u00e1l\u00f3d\u00e1sr\u00f3l \u00e9s meg\u00fajul\u00e1sr\u00f3l is mes\u00e9ltek 2019 \u00e9rt\u00e9kel\u00e9se \u00e9s a 2020-as v\u00e1rakoz\u00e1saik megfogalmaz\u00e1sakor. &nbsp; Eszter, milyen \u00e9vet z\u00e1r az este\u2019r partners? A nemzetk\u00f6zi nyit\u00e1s er\u0151s\u00edt\u00e9se, az olasz partnerirod\u00e1nkkal val\u00f3 k\u00f6z\u00f6s [&hellip;]","og_url":"https:\/\/www.esterpartners.com\/hu\/ilyen-volt-2019-ilyen-lesz-2020-az-ester-partners-irodajaban\/","og_site_name":"esterpartners","article_publisher":"https:\/\/www.facebook.com\/esterpartners","article_published_time":"2019-12-19T14:19:51+00:00","article_modified_time":"2023-05-04T15:29:03+00:00","og_image":[{"url":"https:\/\/www.esterpartners.com\/wp-content\/uploads\/2019\/12\/EM0C5735-e1576764754573.jpg","type":"","width":"","height":""}],"author":"HelloLama","twitter_card":"summary_large_image","twitter_misc":{"Szerz\u0151:":"HelloLama","Becs\u00fclt olvas\u00e1si id\u0151":"7 perc"},"schema":{"@context":"https:\/\/schema.org","@graph":[{"@type":"Article","@id":"https:\/\/www.esterpartners.com\/ilyen-volt-2019-ilyen-lesz-2020-az-ester-partners-irodajaban\/#article","isPartOf":{"@id":"https:\/\/www.esterpartners.com\/ilyen-volt-2019-ilyen-lesz-2020-az-ester-partners-irodajaban\/"},"author":{"name":"HelloLama","@id":"https:\/\/www.esterpartners.com\/#\/schema\/person\/08c6188d4bab95fe79f994e4c17a28be"},"headline":"Ilyen volt 2019, ilyen lesz 2020 az este\u2019r partners irod\u00e1j\u00e1ban","datePublished":"2019-12-19T14:19:51+00:00","dateModified":"2023-05-04T15:29:03+00:00","mainEntityOfPage":{"@id":"https:\/\/www.esterpartners.com\/ilyen-volt-2019-ilyen-lesz-2020-az-ester-partners-irodajaban\/"},"wordCount":1428,"publisher":{"@id":"https:\/\/www.esterpartners.com\/#organization"},"image":{"@id":"https:\/\/www.esterpartners.com\/ilyen-volt-2019-ilyen-lesz-2020-az-ester-partners-irodajaban\/#primaryimage"},"thumbnailUrl":"https:\/\/www.esterpartners.com\/wp-content\/uploads\/2019\/12\/EM0C5735-e1576764754573.jpg","keywords":["Magyar"],"articleSection":["Interj\u00fa"],"inLanguage":"hu"},{"@type":"WebPage","@id":"https:\/\/www.esterpartners.com\/ilyen-volt-2019-ilyen-lesz-2020-az-ester-partners-irodajaban\/","url":"https:\/\/www.esterpartners.com\/ilyen-volt-2019-ilyen-lesz-2020-az-ester-partners-irodajaban\/","name":"Ilyen volt 2019, ilyen lesz 2020 az este\u2019r partners irod\u00e1j\u00e1ban - esterpartners","isPartOf":{"@id":"https:\/\/www.esterpartners.com\/#website"},"primaryImageOfPage":{"@id":"https:\/\/www.esterpartners.com\/ilyen-volt-2019-ilyen-lesz-2020-az-ester-partners-irodajaban\/#primaryimage"},"image":{"@id":"https:\/\/www.esterpartners.com\/ilyen-volt-2019-ilyen-lesz-2020-az-ester-partners-irodajaban\/#primaryimage"},"thumbnailUrl":"https:\/\/www.esterpartners.com\/wp-content\/uploads\/2019\/12\/EM0C5735-e1576764754573.jpg","datePublished":"2019-12-19T14:19:51+00:00","dateModified":"2023-05-04T15:29:03+00:00","breadcrumb":{"@id":"https:\/\/www.esterpartners.com\/ilyen-volt-2019-ilyen-lesz-2020-az-ester-partners-irodajaban\/#breadcrumb"},"inLanguage":"hu","potentialAction":[{"@type":"ReadAction","target":["https:\/\/www.esterpartners.com\/ilyen-volt-2019-ilyen-lesz-2020-az-ester-partners-irodajaban\/"]}]},{"@type":"ImageObject","inLanguage":"hu","@id":"https:\/\/www.esterpartners.com\/ilyen-volt-2019-ilyen-lesz-2020-az-ester-partners-irodajaban\/#primaryimage","url":"https:\/\/www.esterpartners.com\/wp-content\/uploads\/2019\/12\/EM0C5735-e1576764754573.jpg","contentUrl":"https:\/\/www.esterpartners.com\/wp-content\/uploads\/2019\/12\/EM0C5735-e1576764754573.jpg"},{"@type":"BreadcrumbList","@id":"https:\/\/www.esterpartners.com\/ilyen-volt-2019-ilyen-lesz-2020-az-ester-partners-irodajaban\/#breadcrumb","itemListElement":[{"@type":"ListItem","position":1,"name":"Home","item":"https:\/\/www.esterpartners.com\/"},{"@type":"ListItem","position":2,"name":"Ilyen volt 2019, ilyen lesz 2020 az este\u2019r partners irod\u00e1j\u00e1ban"}]},{"@type":"WebSite","@id":"https:\/\/www.esterpartners.com\/#website","url":"https:\/\/www.esterpartners.com\/","name":"esterpartners","description":"interior architecture","publisher":{"@id":"https:\/\/www.esterpartners.com\/#organization"},"potentialAction":[{"@type":"SearchAction","target":{"@type":"EntryPoint","urlTemplate":"https:\/\/www.esterpartners.com\/?s={search_term_string}"},"query-input":{"@type":"PropertyValueSpecification","valueRequired":true,"valueName":"search_term_string"}}],"inLanguage":"hu"},{"@type":"Organization","@id":"https:\/\/www.esterpartners.com\/#organization","name":"esterpartners","url":"https:\/\/www.esterpartners.com\/","logo":{"@type":"ImageObject","inLanguage":"hu","@id":"https:\/\/www.esterpartners.com\/#\/schema\/logo\/image\/","url":"https:\/\/www.esterpartners.com\/wp-content\/uploads\/2023\/04\/ESTERPARTNERS__logo_full_black.png","contentUrl":"https:\/\/www.esterpartners.com\/wp-content\/uploads\/2023\/04\/ESTERPARTNERS__logo_full_black.png","width":2354,"height":911,"caption":"esterpartners"},"image":{"@id":"https:\/\/www.esterpartners.com\/#\/schema\/logo\/image\/"},"sameAs":["https:\/\/www.facebook.com\/esterpartners"]},{"@type":"Person","@id":"https:\/\/www.esterpartners.com\/#\/schema\/person\/08c6188d4bab95fe79f994e4c17a28be","name":"HelloLama","image":{"@type":"ImageObject","inLanguage":"hu","@id":"https:\/\/secure.gravatar.com\/avatar\/ec2c00b81bd5f12eea14f671f08007060dc49c1a300361a2e1ddcf7d1c2a1b3d?s=96&d=mm&r=g","url":"https:\/\/secure.gravatar.com\/avatar\/ec2c00b81bd5f12eea14f671f08007060dc49c1a300361a2e1ddcf7d1c2a1b3d?s=96&d=mm&r=g","contentUrl":"https:\/\/secure.gravatar.com\/avatar\/ec2c00b81bd5f12eea14f671f08007060dc49c1a300361a2e1ddcf7d1c2a1b3d?s=96&d=mm&r=g","caption":"HelloLama"},"url":"https:\/\/www.esterpartners.com\/hu\/author\/hellolama\/"}]}},"_links":{"self":[{"href":"https:\/\/www.esterpartners.com\/hu\/wp-json\/wp\/v2\/posts\/8679","targetHints":{"allow":["GET"]}}],"collection":[{"href":"https:\/\/www.esterpartners.com\/hu\/wp-json\/wp\/v2\/posts"}],"about":[{"href":"https:\/\/www.esterpartners.com\/hu\/wp-json\/wp\/v2\/types\/post"}],"author":[{"embeddable":true,"href":"https:\/\/www.esterpartners.com\/hu\/wp-json\/wp\/v2\/users\/11"}],"replies":[{"embeddable":true,"href":"https:\/\/www.esterpartners.com\/hu\/wp-json\/wp\/v2\/comments?post=8679"}],"version-history":[{"count":0,"href":"https:\/\/www.esterpartners.com\/hu\/wp-json\/wp\/v2\/posts\/8679\/revisions"}],"wp:attachment":[{"href":"https:\/\/www.esterpartners.com\/hu\/wp-json\/wp\/v2\/media?parent=8679"}],"wp:term":[{"taxonomy":"category","embeddable":true,"href":"https:\/\/www.esterpartners.com\/hu\/wp-json\/wp\/v2\/categories?post=8679"},{"taxonomy":"post_tag","embeddable":true,"href":"https:\/\/www.esterpartners.com\/hu\/wp-json\/wp\/v2\/tags?post=8679"}],"curies":[{"name":"wp","href":"https:\/\/api.w.org\/{rel}","templated":true}]}}