{"id":9538,"date":"2021-06-26T07:07:10","date_gmt":"2021-06-26T07:07:10","guid":{"rendered":"https:\/\/www.esterpartners.com\/?p=9538"},"modified":"2021-06-28T13:17:56","modified_gmt":"2021-06-28T13:17:56","slug":"tizenot-eves-az-ester-partners-elso-kollekciojukkal-elhoztak-az-olasz-design-legjavat-2","status":"publish","type":"post","link":"https:\/\/www.esterpartners.com\/hu\/tizenot-eves-az-ester-partners-elso-kollekciojukkal-elhoztak-az-olasz-design-legjavat-2\/","title":{"rendered":"Tizen\u00f6t \u00e9ves az este\u2019r partners: els\u0151 kollekci\u00f3jukkal elhozt\u00e1k az olasz design legjav\u00e1t"},"content":{"rendered":"<p>J\u00falius elej\u00e9n mutatta be els\u0151 kollekci\u00f3j\u00e1t Radn\u00f3czy Eszter vezet\u0151 tervez\u0151 \u00e9s az este\u2019r partners csapata: a tizen\u00f6t\u00f6dik sz\u00fclet\u00e9snapj\u00e1t \u00fcnnepl\u0151 c\u00e9g az olasz design ir\u00e1nti rajong\u00e1s\u00e1t \u00e9s az elm\u00falt m\u00e1sf\u00e9l \u00e9vtized szakmai tapasztalatait \u00f6tv\u00f6zte akkor, amikor olasz v\u00e1rosok, R\u00f3ma, Mil\u00e1n\u00f3, Firenze, Velence \u00e9s Siracusa hangulata k\u00f6r\u00e9 \u00e9p\u00edtve v\u00e1logatta a sz\u00e9les k\u00f6z\u00f6ns\u00e9g sz\u00e1m\u00e1ra el\u00e9rhet\u0151 els\u0151 kollekci\u00f3jukat. A The Collection n\u00e9ven indul\u00f3 v\u00e1logat\u00e1s a ny\u00e1ri teraszok, kertek \u00e9s nyaral\u00f3k magas min\u0151s\u00e9g\u0171 term\u00e9keit aj\u00e1nlja a bels\u0151\u00e9p\u00edt\u00e9sz csapat kedvenc olasz gy\u00e1rt\u00f3inak \u00e9s designereinek k\u00edn\u00e1lat\u00e1b\u00f3l.<\/p>\n<p><img fetchpriority=\"high\" decoding=\"async\" class=\"alignnone size-full wp-image-9540\" src=\"https:\/\/www.esterpartners.com\/wp-content\/uploads\/2020\/07\/190-e1594191559671.jpg\" alt=\"\" width=\"767\" height=\"1151\" \/><\/p>\n<p>\u201eSzenved\u00e9lyb\u0151l kezdtem el \u00e9p\u00edteni a c\u00e9gem \u00e9s ez az\u00f3ta sem v\u00e1ltozott. Ami m\u00e1s, az az, hogy mostanra egy huszon\u00f6t f\u0151s nemzetk\u00f6zi csapattal dolgozom \u00e9s ez nagy alkot\u00f3teret \u00e9s komoly h\u00e1tteret ad \u201d &#8211; mondja a kollekci\u00f3 bemutat\u00f3j\u00e1n Radn\u00f3czy Eszter, aki nemr\u00e9g Mil\u00e1n\u00f3ban nyitott t\u00e1rsirod\u00e1t olasz partner\u00fckkel, a Waves Project Ltd.-vel, amelyet az olasz ingatlanszakma elismert szakembere, Stefano Napolitani \u00e9p\u00edt\u00e9sz vezet.<\/p>\n<p>Az este\u2019r partners olyan bels\u0151\u00e9p\u00edt\u00e9szeti tervez\u00e9si munk\u00e1kkal v\u00e1lt ismertt\u00e9 a magyar \u00e9p\u00edt\u00e9szeti \u00e9s kreat\u00edv szektorban, mint az Emerald Residence Szervita t\u00e9ri sz\u00e1llod\u00e1ja, a Martonv\u00e1s\u00e1ri Agroverzum, a Zwack L\u00e1togat\u00f3k\u00f6zpont, a Good Spirit Whisky Bar, a Hotel Moments Budapest, a Feller Adrienne Store, a B\u00e1rkert Bistro, a La Fabbrica olasz \u00e9tterem, sz\u00e1mos megb\u00edz\u00f3 eleg\u00e1ns mag\u00e1nlak\u00e1sa \u00e9s villa\u00e9p\u00fcletek, illetve k\u00e9t n\u00edv\u00f3s Andr\u00e1ssy \u00fati sz\u00e1lloda, az A3 \u00e9s az A52 bels\u0151\u00e9p\u00edt\u00e9szeti tervei.<\/p>\n<p><img decoding=\"async\" class=\"alignnone size-full wp-image-9542\" src=\"https:\/\/www.esterpartners.com\/wp-content\/uploads\/2020\/07\/Emu-Como-set2-e1594191851143.jpg\" alt=\"\" width=\"767\" height=\"512\" \/><\/p>\n<p>A 2019-es \u00e9v komoly sikereket hozott az este\u2019r partners \u00e9let\u00e9ben: ekkor mutatt\u00e1k be a k\u00f6z\u00f6ns\u00e9gnek az Andr\u00e1ssy \u00fat 3 \u00e9s 52 sz\u00e1llodafejleszt\u00e9sek bels\u0151\u00e9p\u00edt\u00e9szeti terveit, illetve nagy \u00e9rdekl\u0151d\u00e9s \u00f6vezte az Emerald Residence luxuskateg\u00f3ri\u00e1s bels\u0151\u00e9p\u00edt\u00e9szeti koncepci\u00f3j\u00e1t is. Az \u00e9v v\u00e9g\u00e9n nyitott meg az Andr\u00e1ssy \u00fati Minute Bar&amp;Lounge egys\u00e9ge, ahol a k\u00fcl\u00f6nb\u00f6z\u0151 funkci\u00f3k (reggeliztet\u0151, bisztr\u00f3, kokt\u00e9lb\u00e1r) kih\u00edv\u00e1sai mellett Eszter \u00e9s csapata k\u00e9pes volt olyan nemzetk\u00f6zi atmoszf\u00e9r\u00e1t teremteni a k\u00e9k-z\u00f6ld-arany sz\u00ednek, a k\u00fcl\u00f6nleges vil\u00e1g\u00edt\u00e1si megold\u00e1sok \u00e9s a burkolatok kreat\u00edv haszn\u00e1lat\u00e1val, melyre az angol nyelv\u0171 sajt\u00f3 is felfigyelt. A nemzetk\u00f6zi irodanyit\u00e1s \u00faj kezdet helyett ink\u00e1bb egyfajta hazat\u00e9r\u00e9s volt, hiszen a Mil\u00e1n\u00f3ban egyetemet v\u00e9gzett Radn\u00f3czy Eszter olyan olasz kapcsolatrendszerrel rendelkezik, melyet legt\u00f6bb esetben a szakmai \u00e9rt\u00e9kek mellett szem\u00e9lyess\u00e9g, bar\u00e1ti bizalom jellemez.<\/p>\n<p>\u201eEszter k\u00f6zgazd\u00e1sz szeml\u00e9lete, a tudatoss\u00e1g, transzparencia, k\u00f6vethet\u0151s\u00e9g \u00e9s a szigor\u00fa budget-kontroll azok az alapvet\u0151 pill\u00e9rek, amelyek a c\u00e9g stabilit\u00e1s\u00e1t adj\u00e1k \u2013 mondja Harkay-Farkas R\u00e9ka, a c\u00e9g gazdas\u00e1gi vezet\u0151je. &#8211; A c\u00e9g tizen\u00f6t \u00e9ves t\u00f6rt\u00e9net\u00e9ben mindig priorit\u00e1s volt, hogy a kreat\u00edv \u00f6tletek \u00e9s az egyedis\u00e9g mellett hozzuk a megb\u00edzhat\u00f3 partner szerep\u00e9t is &#8211; ez kulcs ahhoz, hogy visszat\u00e9r\u0151 egy\u00fcttm\u0171k\u00f6d\u00e9sekben dolgozzunk \u00fcgyfeleinkkel, akik sz\u00edvesen v\u00e1lasztanak minket \u00fajra \u00e9s \u00fajra.\u201d<\/p>\n<p>Eszter azt is el\u00e1rulta, hogy hamarosan egy, a magyar piacon m\u00e9g nem l\u00e1tott konstrukci\u00f3ban mutatja majd meg azt a nemzetk\u00f6zi tud\u00e1st \u00e9s stabil kereskedelmi h\u00e1tteret, amit tizen\u00f6t \u00e9v tapasztalata jelent \u2013 ennek els\u0151, bevezet\u0151 l\u00e9p\u00e9se most az \u00faj kollekci\u00f3 bemutat\u00e1sa. Az \u00faj projekt h\u00edv\u00f3szavai pedig az este\u2019r partners \u00fcgyfeleinek ismer\u0151sek lehetnek: a magas min\u0151s\u00e9g \u00e9s j\u00f3 hangulat tal\u00e1lkoz\u00e1sa, partners\u00e9g \u00e9s persze az elmaradhatatlan olasz espresso \u00e9s prosecco.<\/p>\n<p><img decoding=\"async\" class=\"alignnone size-full wp-image-9550\" src=\"https:\/\/www.esterpartners.com\/wp-content\/uploads\/2020\/07\/Emu-Dock-tucese-hangulat-2-e1594195551444.jpg\" alt=\"\" width=\"767\" height=\"511\" \/><\/p>\n<p>A tizen\u00f6t\u00f6dik \u00e9vfordul\u00f3 alkalm\u00e1b\u00f3l meg\u00fajult az este&#8217;r partners arculata is: friss megjelen\u00e9ssel rep\u00fcl tov\u00e1bb a szentendrei Vad\u00e1szh\u00e1zra utal\u00f3 vadkacsa \u00e9s az els\u0151 kollekci\u00f3 is az \u00faj vizu\u00e1lis koncepci\u00f3t mutatja.<\/p>\n<p>Az este\u2019r partners els\u0151 kollekci\u00f3ja megtal\u00e1lhat\u00f3 a weboldalukon: <a href=\"https:\/\/www.esterpartners.com\/hu\/summer-2021\/\">ESTE&#8217;R PARTNERS STORE<\/a><\/p>\n<p>Fot\u00f3: Gl\u00e1zer Attila<\/p>","protected":false},"excerpt":{"rendered":"<p>J\u00falius elej\u00e9n mutatta be els\u0151 kollekci\u00f3j\u00e1t Radn\u00f3czy Eszter vezet\u0151 tervez\u0151 \u00e9s az este\u2019r partners csapata: a tizen\u00f6t\u00f6dik sz\u00fclet\u00e9snapj\u00e1t \u00fcnnepl\u0151 c\u00e9g az olasz design ir\u00e1nti rajong\u00e1s\u00e1t \u00e9s az elm\u00falt m\u00e1sf\u00e9l \u00e9vtized szakmai tapasztalatait \u00f6tv\u00f6zte akkor, amikor olasz v\u00e1rosok, R\u00f3ma, Mil\u00e1n\u00f3, Firenze, Velence \u00e9s Siracusa hangulata k\u00f6r\u00e9 \u00e9p\u00edtve v\u00e1logatta a sz\u00e9les k\u00f6z\u00f6ns\u00e9g sz\u00e1m\u00e1ra el\u00e9rhet\u0151 els\u0151 kollekci\u00f3jukat. A [&hellip;]<\/p>\n","protected":false},"author":11,"featured_media":17419,"comment_status":"closed","ping_status":"closed","sticky":false,"template":"","format":"standard","meta":{"footnotes":""},"categories":[19,21],"tags":[24],"class_list":["post-9538","post","type-post","status-publish","format-standard","has-post-thumbnail","hentry","category-esemenyek","category-uncategorized-hu","tag-magyar"],"yoast_head":"<!-- This site is optimized with the Yoast SEO plugin v27.5 - https:\/\/yoast.com\/product\/yoast-seo-wordpress\/ -->\n<title>Tizen\u00f6t \u00e9ves az este\u2019r partners: els\u0151 kollekci\u00f3jukkal elhozt\u00e1k az olasz design legjav\u00e1t - esterpartners<\/title>\n<meta name=\"robots\" content=\"index, follow, max-snippet:-1, max-image-preview:large, max-video-preview:-1\" \/>\n<link rel=\"canonical\" href=\"https:\/\/www.esterpartners.com\/hu\/tizenot-eves-az-ester-partners-elso-kollekciojukkal-elhoztak-az-olasz-design-legjavat-2\/\" \/>\n<meta property=\"og:locale\" content=\"hu_HU\" \/>\n<meta property=\"og:type\" content=\"article\" \/>\n<meta property=\"og:title\" content=\"Tizen\u00f6t \u00e9ves az este\u2019r partners: els\u0151 kollekci\u00f3jukkal elhozt\u00e1k az olasz design legjav\u00e1t - esterpartners\" \/>\n<meta property=\"og:description\" content=\"J\u00falius elej\u00e9n mutatta be els\u0151 kollekci\u00f3j\u00e1t Radn\u00f3czy Eszter vezet\u0151 tervez\u0151 \u00e9s az este\u2019r partners csapata: a tizen\u00f6t\u00f6dik sz\u00fclet\u00e9snapj\u00e1t \u00fcnnepl\u0151 c\u00e9g az olasz design ir\u00e1nti rajong\u00e1s\u00e1t \u00e9s az elm\u00falt m\u00e1sf\u00e9l \u00e9vtized szakmai tapasztalatait \u00f6tv\u00f6zte akkor, amikor olasz v\u00e1rosok, R\u00f3ma, Mil\u00e1n\u00f3, Firenze, Velence \u00e9s Siracusa hangulata k\u00f6r\u00e9 \u00e9p\u00edtve v\u00e1logatta a sz\u00e9les k\u00f6z\u00f6ns\u00e9g sz\u00e1m\u00e1ra el\u00e9rhet\u0151 els\u0151 kollekci\u00f3jukat. A [&hellip;]\" \/>\n<meta property=\"og:url\" content=\"https:\/\/www.esterpartners.com\/hu\/tizenot-eves-az-ester-partners-elso-kollekciojukkal-elhoztak-az-olasz-design-legjavat-2\/\" \/>\n<meta property=\"og:site_name\" content=\"esterpartners\" \/>\n<meta property=\"article:publisher\" content=\"https:\/\/www.facebook.com\/esterpartners\" \/>\n<meta property=\"article:published_time\" content=\"2021-06-26T07:07:10+00:00\" \/>\n<meta property=\"article:modified_time\" content=\"2021-06-28T13:17:56+00:00\" \/>\n<meta property=\"og:image\" content=\"https:\/\/www.esterpartners.com\/wp-content\/uploads\/2020\/07\/ESTER_katalogus_website_blog_cover_01.jpg\" \/>\n\t<meta property=\"og:image:width\" content=\"1140\" \/>\n\t<meta property=\"og:image:height\" content=\"500\" \/>\n\t<meta property=\"og:image:type\" content=\"image\/jpeg\" \/>\n<meta name=\"author\" content=\"HelloLama\" \/>\n<meta name=\"twitter:card\" content=\"summary_large_image\" \/>\n<meta name=\"twitter:label1\" content=\"Szerz\u0151:\" \/>\n\t<meta name=\"twitter:data1\" content=\"HelloLama\" \/>\n\t<meta name=\"twitter:label2\" content=\"Becs\u00fclt olvas\u00e1si id\u0151\" \/>\n\t<meta name=\"twitter:data2\" content=\"3 perc\" \/>\n<script type=\"application\/ld+json\" class=\"yoast-schema-graph\">{\"@context\":\"https:\\\/\\\/schema.org\",\"@graph\":[{\"@type\":\"Article\",\"@id\":\"https:\\\/\\\/www.esterpartners.com\\\/tizenot-eves-az-ester-partners-elso-kollekciojukkal-elhoztak-az-olasz-design-legjavat-2\\\/#article\",\"isPartOf\":{\"@id\":\"https:\\\/\\\/www.esterpartners.com\\\/tizenot-eves-az-ester-partners-elso-kollekciojukkal-elhoztak-az-olasz-design-legjavat-2\\\/\"},\"author\":{\"name\":\"HelloLama\",\"@id\":\"https:\\\/\\\/www.esterpartners.com\\\/#\\\/schema\\\/person\\\/08c6188d4bab95fe79f994e4c17a28be\"},\"headline\":\"Tizen\u00f6t \u00e9ves az este\u2019r partners: els\u0151 kollekci\u00f3jukkal elhozt\u00e1k az olasz design legjav\u00e1t\",\"datePublished\":\"2021-06-26T07:07:10+00:00\",\"dateModified\":\"2021-06-28T13:17:56+00:00\",\"mainEntityOfPage\":{\"@id\":\"https:\\\/\\\/www.esterpartners.com\\\/tizenot-eves-az-ester-partners-elso-kollekciojukkal-elhoztak-az-olasz-design-legjavat-2\\\/\"},\"wordCount\":756,\"publisher\":{\"@id\":\"https:\\\/\\\/www.esterpartners.com\\\/#organization\"},\"image\":{\"@id\":\"https:\\\/\\\/www.esterpartners.com\\\/tizenot-eves-az-ester-partners-elso-kollekciojukkal-elhoztak-az-olasz-design-legjavat-2\\\/#primaryimage\"},\"thumbnailUrl\":\"https:\\\/\\\/www.esterpartners.com\\\/wp-content\\\/uploads\\\/2020\\\/07\\\/ESTER_katalogus_website_blog_cover_01.jpg\",\"keywords\":[\"Magyar\"],\"articleSection\":[\"Esem\u00e9nyek\",\"Uncategorized @hu\"],\"inLanguage\":\"hu\"},{\"@type\":\"WebPage\",\"@id\":\"https:\\\/\\\/www.esterpartners.com\\\/tizenot-eves-az-ester-partners-elso-kollekciojukkal-elhoztak-az-olasz-design-legjavat-2\\\/\",\"url\":\"https:\\\/\\\/www.esterpartners.com\\\/tizenot-eves-az-ester-partners-elso-kollekciojukkal-elhoztak-az-olasz-design-legjavat-2\\\/\",\"name\":\"Tizen\u00f6t \u00e9ves az este\u2019r partners: els\u0151 kollekci\u00f3jukkal elhozt\u00e1k az olasz design legjav\u00e1t - esterpartners\",\"isPartOf\":{\"@id\":\"https:\\\/\\\/www.esterpartners.com\\\/#website\"},\"primaryImageOfPage\":{\"@id\":\"https:\\\/\\\/www.esterpartners.com\\\/tizenot-eves-az-ester-partners-elso-kollekciojukkal-elhoztak-az-olasz-design-legjavat-2\\\/#primaryimage\"},\"image\":{\"@id\":\"https:\\\/\\\/www.esterpartners.com\\\/tizenot-eves-az-ester-partners-elso-kollekciojukkal-elhoztak-az-olasz-design-legjavat-2\\\/#primaryimage\"},\"thumbnailUrl\":\"https:\\\/\\\/www.esterpartners.com\\\/wp-content\\\/uploads\\\/2020\\\/07\\\/ESTER_katalogus_website_blog_cover_01.jpg\",\"datePublished\":\"2021-06-26T07:07:10+00:00\",\"dateModified\":\"2021-06-28T13:17:56+00:00\",\"breadcrumb\":{\"@id\":\"https:\\\/\\\/www.esterpartners.com\\\/tizenot-eves-az-ester-partners-elso-kollekciojukkal-elhoztak-az-olasz-design-legjavat-2\\\/#breadcrumb\"},\"inLanguage\":\"hu\",\"potentialAction\":[{\"@type\":\"ReadAction\",\"target\":[\"https:\\\/\\\/www.esterpartners.com\\\/tizenot-eves-az-ester-partners-elso-kollekciojukkal-elhoztak-az-olasz-design-legjavat-2\\\/\"]}]},{\"@type\":\"ImageObject\",\"inLanguage\":\"hu\",\"@id\":\"https:\\\/\\\/www.esterpartners.com\\\/tizenot-eves-az-ester-partners-elso-kollekciojukkal-elhoztak-az-olasz-design-legjavat-2\\\/#primaryimage\",\"url\":\"https:\\\/\\\/www.esterpartners.com\\\/wp-content\\\/uploads\\\/2020\\\/07\\\/ESTER_katalogus_website_blog_cover_01.jpg\",\"contentUrl\":\"https:\\\/\\\/www.esterpartners.com\\\/wp-content\\\/uploads\\\/2020\\\/07\\\/ESTER_katalogus_website_blog_cover_01.jpg\",\"width\":1140,\"height\":500},{\"@type\":\"BreadcrumbList\",\"@id\":\"https:\\\/\\\/www.esterpartners.com\\\/tizenot-eves-az-ester-partners-elso-kollekciojukkal-elhoztak-az-olasz-design-legjavat-2\\\/#breadcrumb\",\"itemListElement\":[{\"@type\":\"ListItem\",\"position\":1,\"name\":\"Home\",\"item\":\"https:\\\/\\\/www.esterpartners.com\\\/\"},{\"@type\":\"ListItem\",\"position\":2,\"name\":\"Tizen\u00f6t \u00e9ves az este\u2019r partners: els\u0151 kollekci\u00f3jukkal elhozt\u00e1k az olasz design legjav\u00e1t\"}]},{\"@type\":\"WebSite\",\"@id\":\"https:\\\/\\\/www.esterpartners.com\\\/#website\",\"url\":\"https:\\\/\\\/www.esterpartners.com\\\/\",\"name\":\"esterpartners\",\"description\":\"interior architecture\",\"publisher\":{\"@id\":\"https:\\\/\\\/www.esterpartners.com\\\/#organization\"},\"potentialAction\":[{\"@type\":\"SearchAction\",\"target\":{\"@type\":\"EntryPoint\",\"urlTemplate\":\"https:\\\/\\\/www.esterpartners.com\\\/?s={search_term_string}\"},\"query-input\":{\"@type\":\"PropertyValueSpecification\",\"valueRequired\":true,\"valueName\":\"search_term_string\"}}],\"inLanguage\":\"hu\"},{\"@type\":\"Organization\",\"@id\":\"https:\\\/\\\/www.esterpartners.com\\\/#organization\",\"name\":\"esterpartners\",\"url\":\"https:\\\/\\\/www.esterpartners.com\\\/\",\"logo\":{\"@type\":\"ImageObject\",\"inLanguage\":\"hu\",\"@id\":\"https:\\\/\\\/www.esterpartners.com\\\/#\\\/schema\\\/logo\\\/image\\\/\",\"url\":\"https:\\\/\\\/www.esterpartners.com\\\/wp-content\\\/uploads\\\/2023\\\/04\\\/ESTERPARTNERS__logo_full_black.png\",\"contentUrl\":\"https:\\\/\\\/www.esterpartners.com\\\/wp-content\\\/uploads\\\/2023\\\/04\\\/ESTERPARTNERS__logo_full_black.png\",\"width\":2354,\"height\":911,\"caption\":\"esterpartners\"},\"image\":{\"@id\":\"https:\\\/\\\/www.esterpartners.com\\\/#\\\/schema\\\/logo\\\/image\\\/\"},\"sameAs\":[\"https:\\\/\\\/www.facebook.com\\\/esterpartners\"]},{\"@type\":\"Person\",\"@id\":\"https:\\\/\\\/www.esterpartners.com\\\/#\\\/schema\\\/person\\\/08c6188d4bab95fe79f994e4c17a28be\",\"name\":\"HelloLama\",\"image\":{\"@type\":\"ImageObject\",\"inLanguage\":\"hu\",\"@id\":\"https:\\\/\\\/secure.gravatar.com\\\/avatar\\\/ec2c00b81bd5f12eea14f671f08007060dc49c1a300361a2e1ddcf7d1c2a1b3d?s=96&d=mm&r=g\",\"url\":\"https:\\\/\\\/secure.gravatar.com\\\/avatar\\\/ec2c00b81bd5f12eea14f671f08007060dc49c1a300361a2e1ddcf7d1c2a1b3d?s=96&d=mm&r=g\",\"contentUrl\":\"https:\\\/\\\/secure.gravatar.com\\\/avatar\\\/ec2c00b81bd5f12eea14f671f08007060dc49c1a300361a2e1ddcf7d1c2a1b3d?s=96&d=mm&r=g\",\"caption\":\"HelloLama\"},\"url\":\"https:\\\/\\\/www.esterpartners.com\\\/hu\\\/author\\\/hellolama\\\/\"}]}<\/script>\n<!-- \/ Yoast SEO plugin. -->","yoast_head_json":{"title":"Tizen\u00f6t \u00e9ves az este\u2019r partners: els\u0151 kollekci\u00f3jukkal elhozt\u00e1k az olasz design legjav\u00e1t - esterpartners","robots":{"index":"index","follow":"follow","max-snippet":"max-snippet:-1","max-image-preview":"max-image-preview:large","max-video-preview":"max-video-preview:-1"},"canonical":"https:\/\/www.esterpartners.com\/hu\/tizenot-eves-az-ester-partners-elso-kollekciojukkal-elhoztak-az-olasz-design-legjavat-2\/","og_locale":"hu_HU","og_type":"article","og_title":"Tizen\u00f6t \u00e9ves az este\u2019r partners: els\u0151 kollekci\u00f3jukkal elhozt\u00e1k az olasz design legjav\u00e1t - esterpartners","og_description":"J\u00falius elej\u00e9n mutatta be els\u0151 kollekci\u00f3j\u00e1t Radn\u00f3czy Eszter vezet\u0151 tervez\u0151 \u00e9s az este\u2019r partners csapata: a tizen\u00f6t\u00f6dik sz\u00fclet\u00e9snapj\u00e1t \u00fcnnepl\u0151 c\u00e9g az olasz design ir\u00e1nti rajong\u00e1s\u00e1t \u00e9s az elm\u00falt m\u00e1sf\u00e9l \u00e9vtized szakmai tapasztalatait \u00f6tv\u00f6zte akkor, amikor olasz v\u00e1rosok, R\u00f3ma, Mil\u00e1n\u00f3, Firenze, Velence \u00e9s Siracusa hangulata k\u00f6r\u00e9 \u00e9p\u00edtve v\u00e1logatta a sz\u00e9les k\u00f6z\u00f6ns\u00e9g sz\u00e1m\u00e1ra el\u00e9rhet\u0151 els\u0151 kollekci\u00f3jukat. A [&hellip;]","og_url":"https:\/\/www.esterpartners.com\/hu\/tizenot-eves-az-ester-partners-elso-kollekciojukkal-elhoztak-az-olasz-design-legjavat-2\/","og_site_name":"esterpartners","article_publisher":"https:\/\/www.facebook.com\/esterpartners","article_published_time":"2021-06-26T07:07:10+00:00","article_modified_time":"2021-06-28T13:17:56+00:00","og_image":[{"width":1140,"height":500,"url":"https:\/\/www.esterpartners.com\/wp-content\/uploads\/2020\/07\/ESTER_katalogus_website_blog_cover_01.jpg","type":"image\/jpeg"}],"author":"HelloLama","twitter_card":"summary_large_image","twitter_misc":{"Szerz\u0151:":"HelloLama","Becs\u00fclt olvas\u00e1si id\u0151":"3 perc"},"schema":{"@context":"https:\/\/schema.org","@graph":[{"@type":"Article","@id":"https:\/\/www.esterpartners.com\/tizenot-eves-az-ester-partners-elso-kollekciojukkal-elhoztak-az-olasz-design-legjavat-2\/#article","isPartOf":{"@id":"https:\/\/www.esterpartners.com\/tizenot-eves-az-ester-partners-elso-kollekciojukkal-elhoztak-az-olasz-design-legjavat-2\/"},"author":{"name":"HelloLama","@id":"https:\/\/www.esterpartners.com\/#\/schema\/person\/08c6188d4bab95fe79f994e4c17a28be"},"headline":"Tizen\u00f6t \u00e9ves az este\u2019r partners: els\u0151 kollekci\u00f3jukkal elhozt\u00e1k az olasz design legjav\u00e1t","datePublished":"2021-06-26T07:07:10+00:00","dateModified":"2021-06-28T13:17:56+00:00","mainEntityOfPage":{"@id":"https:\/\/www.esterpartners.com\/tizenot-eves-az-ester-partners-elso-kollekciojukkal-elhoztak-az-olasz-design-legjavat-2\/"},"wordCount":756,"publisher":{"@id":"https:\/\/www.esterpartners.com\/#organization"},"image":{"@id":"https:\/\/www.esterpartners.com\/tizenot-eves-az-ester-partners-elso-kollekciojukkal-elhoztak-az-olasz-design-legjavat-2\/#primaryimage"},"thumbnailUrl":"https:\/\/www.esterpartners.com\/wp-content\/uploads\/2020\/07\/ESTER_katalogus_website_blog_cover_01.jpg","keywords":["Magyar"],"articleSection":["Esem\u00e9nyek","Uncategorized @hu"],"inLanguage":"hu"},{"@type":"WebPage","@id":"https:\/\/www.esterpartners.com\/tizenot-eves-az-ester-partners-elso-kollekciojukkal-elhoztak-az-olasz-design-legjavat-2\/","url":"https:\/\/www.esterpartners.com\/tizenot-eves-az-ester-partners-elso-kollekciojukkal-elhoztak-az-olasz-design-legjavat-2\/","name":"Tizen\u00f6t \u00e9ves az este\u2019r partners: els\u0151 kollekci\u00f3jukkal elhozt\u00e1k az olasz design legjav\u00e1t - esterpartners","isPartOf":{"@id":"https:\/\/www.esterpartners.com\/#website"},"primaryImageOfPage":{"@id":"https:\/\/www.esterpartners.com\/tizenot-eves-az-ester-partners-elso-kollekciojukkal-elhoztak-az-olasz-design-legjavat-2\/#primaryimage"},"image":{"@id":"https:\/\/www.esterpartners.com\/tizenot-eves-az-ester-partners-elso-kollekciojukkal-elhoztak-az-olasz-design-legjavat-2\/#primaryimage"},"thumbnailUrl":"https:\/\/www.esterpartners.com\/wp-content\/uploads\/2020\/07\/ESTER_katalogus_website_blog_cover_01.jpg","datePublished":"2021-06-26T07:07:10+00:00","dateModified":"2021-06-28T13:17:56+00:00","breadcrumb":{"@id":"https:\/\/www.esterpartners.com\/tizenot-eves-az-ester-partners-elso-kollekciojukkal-elhoztak-az-olasz-design-legjavat-2\/#breadcrumb"},"inLanguage":"hu","potentialAction":[{"@type":"ReadAction","target":["https:\/\/www.esterpartners.com\/tizenot-eves-az-ester-partners-elso-kollekciojukkal-elhoztak-az-olasz-design-legjavat-2\/"]}]},{"@type":"ImageObject","inLanguage":"hu","@id":"https:\/\/www.esterpartners.com\/tizenot-eves-az-ester-partners-elso-kollekciojukkal-elhoztak-az-olasz-design-legjavat-2\/#primaryimage","url":"https:\/\/www.esterpartners.com\/wp-content\/uploads\/2020\/07\/ESTER_katalogus_website_blog_cover_01.jpg","contentUrl":"https:\/\/www.esterpartners.com\/wp-content\/uploads\/2020\/07\/ESTER_katalogus_website_blog_cover_01.jpg","width":1140,"height":500},{"@type":"BreadcrumbList","@id":"https:\/\/www.esterpartners.com\/tizenot-eves-az-ester-partners-elso-kollekciojukkal-elhoztak-az-olasz-design-legjavat-2\/#breadcrumb","itemListElement":[{"@type":"ListItem","position":1,"name":"Home","item":"https:\/\/www.esterpartners.com\/"},{"@type":"ListItem","position":2,"name":"Tizen\u00f6t \u00e9ves az este\u2019r partners: els\u0151 kollekci\u00f3jukkal elhozt\u00e1k az olasz design legjav\u00e1t"}]},{"@type":"WebSite","@id":"https:\/\/www.esterpartners.com\/#website","url":"https:\/\/www.esterpartners.com\/","name":"esterpartners","description":"interior architecture","publisher":{"@id":"https:\/\/www.esterpartners.com\/#organization"},"potentialAction":[{"@type":"SearchAction","target":{"@type":"EntryPoint","urlTemplate":"https:\/\/www.esterpartners.com\/?s={search_term_string}"},"query-input":{"@type":"PropertyValueSpecification","valueRequired":true,"valueName":"search_term_string"}}],"inLanguage":"hu"},{"@type":"Organization","@id":"https:\/\/www.esterpartners.com\/#organization","name":"esterpartners","url":"https:\/\/www.esterpartners.com\/","logo":{"@type":"ImageObject","inLanguage":"hu","@id":"https:\/\/www.esterpartners.com\/#\/schema\/logo\/image\/","url":"https:\/\/www.esterpartners.com\/wp-content\/uploads\/2023\/04\/ESTERPARTNERS__logo_full_black.png","contentUrl":"https:\/\/www.esterpartners.com\/wp-content\/uploads\/2023\/04\/ESTERPARTNERS__logo_full_black.png","width":2354,"height":911,"caption":"esterpartners"},"image":{"@id":"https:\/\/www.esterpartners.com\/#\/schema\/logo\/image\/"},"sameAs":["https:\/\/www.facebook.com\/esterpartners"]},{"@type":"Person","@id":"https:\/\/www.esterpartners.com\/#\/schema\/person\/08c6188d4bab95fe79f994e4c17a28be","name":"HelloLama","image":{"@type":"ImageObject","inLanguage":"hu","@id":"https:\/\/secure.gravatar.com\/avatar\/ec2c00b81bd5f12eea14f671f08007060dc49c1a300361a2e1ddcf7d1c2a1b3d?s=96&d=mm&r=g","url":"https:\/\/secure.gravatar.com\/avatar\/ec2c00b81bd5f12eea14f671f08007060dc49c1a300361a2e1ddcf7d1c2a1b3d?s=96&d=mm&r=g","contentUrl":"https:\/\/secure.gravatar.com\/avatar\/ec2c00b81bd5f12eea14f671f08007060dc49c1a300361a2e1ddcf7d1c2a1b3d?s=96&d=mm&r=g","caption":"HelloLama"},"url":"https:\/\/www.esterpartners.com\/hu\/author\/hellolama\/"}]}},"_links":{"self":[{"href":"https:\/\/www.esterpartners.com\/hu\/wp-json\/wp\/v2\/posts\/9538","targetHints":{"allow":["GET"]}}],"collection":[{"href":"https:\/\/www.esterpartners.com\/hu\/wp-json\/wp\/v2\/posts"}],"about":[{"href":"https:\/\/www.esterpartners.com\/hu\/wp-json\/wp\/v2\/types\/post"}],"author":[{"embeddable":true,"href":"https:\/\/www.esterpartners.com\/hu\/wp-json\/wp\/v2\/users\/11"}],"replies":[{"embeddable":true,"href":"https:\/\/www.esterpartners.com\/hu\/wp-json\/wp\/v2\/comments?post=9538"}],"version-history":[{"count":0,"href":"https:\/\/www.esterpartners.com\/hu\/wp-json\/wp\/v2\/posts\/9538\/revisions"}],"wp:featuredmedia":[{"embeddable":true,"href":"https:\/\/www.esterpartners.com\/hu\/wp-json\/wp\/v2\/media\/17419"}],"wp:attachment":[{"href":"https:\/\/www.esterpartners.com\/hu\/wp-json\/wp\/v2\/media?parent=9538"}],"wp:term":[{"taxonomy":"category","embeddable":true,"href":"https:\/\/www.esterpartners.com\/hu\/wp-json\/wp\/v2\/categories?post=9538"},{"taxonomy":"post_tag","embeddable":true,"href":"https:\/\/www.esterpartners.com\/hu\/wp-json\/wp\/v2\/tags?post=9538"}],"curies":[{"name":"wp","href":"https:\/\/api.w.org\/{rel}","templated":true}]}}